{"id":655,"date":"2021-10-29T20:14:02","date_gmt":"2021-10-29T18:14:02","guid":{"rendered":"https:\/\/forum-mechaniczne.pl\/portal\/la-venta-de-autos-usados-crecio-un-171-en-lo-que-va-de-2021\/"},"modified":"2021-10-29T20:14:02","modified_gmt":"2021-10-29T18:14:02","slug":"sprzedaz-samochodow-uzywanych-wzrosla-o-ponad-17-w-2021-roku","status":"publish","type":"post","link":"https:\/\/forum-mechaniczne.pl\/portal\/sprzedaz-samochodow-uzywanych-wzrosla-o-ponad-17-w-2021-roku\/","title":{"rendered":"Sprzeda\u017c samochod\u00f3w u\u017cywanych wzros\u0142a o ponad 17% w 2021 roku"},"content":{"rendered":"\n<p>Wed\u0142ug raportu Automotive Chamber of Commerce (CCA) rynek samochod\u00f3w u\u017cywanych zamkn\u0105\u0142 si\u0119 we wrze\u015bniu z dodatnimi liczbami, a sektor nie mo\u017ce si\u0119 doczeka\u0107 przysz\u0142o\u015bci. W dziewi\u0105tym miesi\u0105cu roku wykonano 161 220 operacji, co oznacza wzrost o 1,4% w por\u00f3wnaniu z tym samym miesi\u0105cem 2020, kiedy sprzedano 158.941 sztuk.<\/p>\n\n\n\n<p>Jednak wzrost w por\u00f3wnaniu z sierpniem, w kt\u00f3rym przeniesiono 153 386 pojazd\u00f3w, osi\u0105ga 5,1%, w sumie 1 245 261 u\u017cywanych pojazd\u00f3w; wskazuje to na wzrost o 17,7% rok do roku w por\u00f3wnaniu z analogicznym okresem ubieg\u0142ego roku (szczeg\u00f3lnie dotkni\u0119ty brakiem aktywno\u015bci z powodu kwarantanny), kiedy sprzedano 1 057 320 sztuk.<\/p>\n\n\n\n<p>Wed\u0142ug Alberto Prince&#8217;a, przewodnicz\u0105cego CEC,&#8221; miesi\u0105c po miesi\u0105cu zar\u00f3wno rynek, jak i rz\u0105d nas sprawdzaj\u0105. We wrze\u015bniu Sektor odnotowa\u0142 niewielki wzrost sprzeda\u017cy w por\u00f3wnaniu z tym samym miesi\u0105cem 2020, wzrost w stosunku do sierpnia, taki sam jak w pierwszych 9 miesi\u0105cach roku&#8221;<\/p>\n\n\n\n<iframe loading=\"lazy\" width=\"560\" height=\"315\" src=\"https:\/\/www.youtube.com\/embed\/Az_NRu0QDAc\" title=\"YouTube video player\" frameborder=\"0\" allow=\"accelerometer; autoplay; clipboard-write; encrypted-media; gyroscope; picture-in-picture\" allowfullscreen=\"\"><\/iframe>\n\n\n\n<p>&#8222;To sprawia, \u017ce my\u015blimy, \u017ce mo\u017cemy zamkn\u0105\u0107 2021 r.wolumenem r\u00f3wnym lub wi\u0119kszym ni\u017c 2019 r., kiedy sprzedano 1 700 000 pojazd\u00f3w. Wszystko to w kontek\u015bcie, w kt\u00f3rym wej\u015bcie 0km na rynek s\u0142abnie ka\u017cdego dnia i wszyscy wiemy, \u017ce jest to \u017ar\u00f3d\u0142o wej\u015bcia u\u017cywanych samochod\u00f3w do sektora&#8221; &#8211; powiedzia\u0142.<\/p>\n\n\n\n<p>Argumentowa\u0142 jednak, \u017ce &#8222;je\u015bli trend si\u0119 utrzyma, nie ma w\u0105tpliwo\u015bci, \u017ce wej\u015bcie m\u0142odych samochod\u00f3w na rynek w 2022 r.b\u0119dzie niewielkie, zgodnie z istniej\u0105cym popytem, wi\u0119c sektor spadnie do poziomu, w kt\u00f3rym wybuch\u0142a pandemia&#8221;.<\/p>\n\n\n\n<p>Sektor samochod\u00f3w u\u017cywanych sk\u0142ada si\u0119 obecnie z 12 000 agencji w ca\u0142ym kraju i generuje 40 000 miejsc pracy. I to wiemy, co to znaczy. Kraj prze\u017cywa bardzo trudne czasy, ale je\u015bli rz\u0105d nie pomo\u017ce terminalom i naszemu sektorowi, bardzo trudno b\u0119dzie utrzyma\u0107 t\u0119 ilo\u015b\u0107 miejsc pracy w czasie, gdy tak potrzebna jest ochrona&#8221; &#8211; podkre\u015bli\u0142 mened\u017cer.<\/p>\n","protected":false},"excerpt":{"rendered":"<p>Wed\u0142ug raportu Automotive Chamber of Commerce (CCA) rynek samochod\u00f3w u\u017cywanych zamkn\u0105\u0142 si\u0119 we wrze\u015bniu z dodatnimi liczbami, a sektor nie mo\u017ce si\u0119 doczeka\u0107 przysz\u0142o\u015bci. W dziewi\u0105tym miesi\u0105cu roku wykonano 161 220 operacji, co oznacza wzrost o 1,4% w por\u00f3wnaniu z tym samym miesi\u0105cem 2020, kiedy sprzedano 158.941 sztuk. Jednak wzrost w por\u00f3wnaniu z sierpniem, w [&hellip;]<\/p>\n","protected":false},"author":2,"featured_media":678,"comment_status":"open","ping_status":"open","sticky":false,"template":"","format":"standard","meta":{"footnotes":""},"categories":[11],"tags":[],"class_list":["post-655","post","type-post","status-publish","format-standard","has-post-thumbnail","hentry","category-wiadomosci"],"yoast_head":"<!-- This site is optimized with the Yoast SEO plugin v27.5 - https:\/\/yoast.com\/product\/yoast-seo-wordpress\/ -->\n<title>Sprzeda\u017c samochod\u00f3w u\u017cywanych wzros\u0142a o ponad 17% w 2021 roku<\/title>\n<meta name=\"description\" content=\"Wed\u0142ug raportu Automotive Chamber of Commerce (CCA) rynek samochod\u00f3w u\u017cywanych zamkn\u0105\u0142 si\u0119 we wrze\u015bniu z dodatnimi liczbami\" \/>\n<meta name=\"robots\" content=\"index, follow, max-snippet:-1, max-image-preview:large, max-video-preview:-1\" \/>\n<link rel=\"canonical\" href=\"https:\/\/forum-mechaniczne.pl\/portal\/sprzedaz-samochodow-uzywanych-wzrosla-o-ponad-17-w-2021-roku\/\" \/>\n<meta property=\"og:locale\" content=\"pl_PL\" \/>\n<meta property=\"og:type\" content=\"article\" \/>\n<meta property=\"og:title\" content=\"Sprzeda\u017c samochod\u00f3w u\u017cywanych wzros\u0142a o ponad 17% w 2021 roku\" \/>\n<meta property=\"og:description\" content=\"Wed\u0142ug raportu Automotive Chamber of Commerce (CCA) rynek samochod\u00f3w u\u017cywanych zamkn\u0105\u0142 si\u0119 we wrze\u015bniu z dodatnimi liczbami\" \/>\n<meta property=\"og:url\" content=\"https:\/\/forum-mechaniczne.pl\/portal\/sprzedaz-samochodow-uzywanych-wzrosla-o-ponad-17-w-2021-roku\/\" \/>\n<meta property=\"og:site_name\" content=\"Portal mechaniczny - samochody, nowo\u015bci, mechanika pojazdowa\" \/>\n<meta property=\"article:published_time\" content=\"2021-10-29T18:14:02+00:00\" \/>\n<meta property=\"og:image\" content=\"https:\/\/forum-mechaniczne.pl\/portal\/wp-content\/uploads\/2021\/10\/samochody-uzywane.jpg\" \/>\n\t<meta property=\"og:image:width\" content=\"800\" \/>\n\t<meta property=\"og:image:height\" content=\"503\" \/>\n\t<meta property=\"og:image:type\" content=\"image\/jpeg\" \/>\n<meta name=\"author\" content=\"Micha\u0142 Koz\u0142owski\" \/>\n<meta name=\"twitter:card\" content=\"summary_large_image\" \/>\n<meta name=\"twitter:label1\" content=\"Napisane przez\" \/>\n\t<meta name=\"twitter:data1\" content=\"Micha\u0142 Koz\u0142owski\" \/>\n\t<meta name=\"twitter:label2\" content=\"Szacowany czas czytania\" \/>\n\t<meta name=\"twitter:data2\" content=\"2 minuty\" \/>\n<script type=\"application\/ld+json\" class=\"yoast-schema-graph\">{\"@context\":\"https:\\\/\\\/schema.org\",\"@graph\":[{\"@type\":\"Article\",\"@id\":\"https:\\\/\\\/forum-mechaniczne.pl\\\/portal\\\/sprzedaz-samochodow-uzywanych-wzrosla-o-ponad-17-w-2021-roku\\\/#article\",\"isPartOf\":{\"@id\":\"https:\\\/\\\/forum-mechaniczne.pl\\\/portal\\\/sprzedaz-samochodow-uzywanych-wzrosla-o-ponad-17-w-2021-roku\\\/\"},\"author\":{\"name\":\"Micha\u0142 Koz\u0142owski\",\"@id\":\"https:\\\/\\\/forum-mechaniczne.pl\\\/portal\\\/#\\\/schema\\\/person\\\/4d0604b2ce30f2263d9eb737181228c5\"},\"headline\":\"Sprzeda\u017c samochod\u00f3w u\u017cywanych wzros\u0142a o ponad 17% w 2021 roku\",\"datePublished\":\"2021-10-29T18:14:02+00:00\",\"mainEntityOfPage\":{\"@id\":\"https:\\\/\\\/forum-mechaniczne.pl\\\/portal\\\/sprzedaz-samochodow-uzywanych-wzrosla-o-ponad-17-w-2021-roku\\\/\"},\"wordCount\":334,\"commentCount\":0,\"image\":{\"@id\":\"https:\\\/\\\/forum-mechaniczne.pl\\\/portal\\\/sprzedaz-samochodow-uzywanych-wzrosla-o-ponad-17-w-2021-roku\\\/#primaryimage\"},\"thumbnailUrl\":\"https:\\\/\\\/forum-mechaniczne.pl\\\/portal\\\/wp-content\\\/uploads\\\/2021\\\/10\\\/samochody-uzywane.jpg\",\"articleSection\":[\"Wiadomo\u015bci\"],\"inLanguage\":\"pl-PL\",\"potentialAction\":[{\"@type\":\"CommentAction\",\"name\":\"Comment\",\"target\":[\"https:\\\/\\\/forum-mechaniczne.pl\\\/portal\\\/sprzedaz-samochodow-uzywanych-wzrosla-o-ponad-17-w-2021-roku\\\/#respond\"]}]},{\"@type\":\"WebPage\",\"@id\":\"https:\\\/\\\/forum-mechaniczne.pl\\\/portal\\\/sprzedaz-samochodow-uzywanych-wzrosla-o-ponad-17-w-2021-roku\\\/\",\"url\":\"https:\\\/\\\/forum-mechaniczne.pl\\\/portal\\\/sprzedaz-samochodow-uzywanych-wzrosla-o-ponad-17-w-2021-roku\\\/\",\"name\":\"Sprzeda\u017c samochod\u00f3w u\u017cywanych wzros\u0142a o ponad 17% w 2021 roku\",\"isPartOf\":{\"@id\":\"https:\\\/\\\/forum-mechaniczne.pl\\\/portal\\\/#website\"},\"primaryImageOfPage\":{\"@id\":\"https:\\\/\\\/forum-mechaniczne.pl\\\/portal\\\/sprzedaz-samochodow-uzywanych-wzrosla-o-ponad-17-w-2021-roku\\\/#primaryimage\"},\"image\":{\"@id\":\"https:\\\/\\\/forum-mechaniczne.pl\\\/portal\\\/sprzedaz-samochodow-uzywanych-wzrosla-o-ponad-17-w-2021-roku\\\/#primaryimage\"},\"thumbnailUrl\":\"https:\\\/\\\/forum-mechaniczne.pl\\\/portal\\\/wp-content\\\/uploads\\\/2021\\\/10\\\/samochody-uzywane.jpg\",\"datePublished\":\"2021-10-29T18:14:02+00:00\",\"author\":{\"@id\":\"https:\\\/\\\/forum-mechaniczne.pl\\\/portal\\\/#\\\/schema\\\/person\\\/4d0604b2ce30f2263d9eb737181228c5\"},\"description\":\"Wed\u0142ug raportu Automotive Chamber of Commerce (CCA) rynek samochod\u00f3w u\u017cywanych zamkn\u0105\u0142 si\u0119 we wrze\u015bniu z dodatnimi liczbami\",\"inLanguage\":\"pl-PL\",\"potentialAction\":[{\"@type\":\"ReadAction\",\"target\":[\"https:\\\/\\\/forum-mechaniczne.pl\\\/portal\\\/sprzedaz-samochodow-uzywanych-wzrosla-o-ponad-17-w-2021-roku\\\/\"]}]},{\"@type\":\"ImageObject\",\"inLanguage\":\"pl-PL\",\"@id\":\"https:\\\/\\\/forum-mechaniczne.pl\\\/portal\\\/sprzedaz-samochodow-uzywanych-wzrosla-o-ponad-17-w-2021-roku\\\/#primaryimage\",\"url\":\"https:\\\/\\\/forum-mechaniczne.pl\\\/portal\\\/wp-content\\\/uploads\\\/2021\\\/10\\\/samochody-uzywane.jpg\",\"contentUrl\":\"https:\\\/\\\/forum-mechaniczne.pl\\\/portal\\\/wp-content\\\/uploads\\\/2021\\\/10\\\/samochody-uzywane.jpg\",\"width\":800,\"height\":503,\"caption\":\"Sprzeda\u017c samochod\u00f3w u\u017cywanych wzros\u0142a o 17,1% w 2021 roku\"},{\"@type\":\"WebSite\",\"@id\":\"https:\\\/\\\/forum-mechaniczne.pl\\\/portal\\\/#website\",\"url\":\"https:\\\/\\\/forum-mechaniczne.pl\\\/portal\\\/\",\"name\":\"Portal mechaniczny - samochody, nowo\u015bci, mechanika pojazdowa\",\"description\":\"Serdecznie zaprsazamy na nasz portal po\u015bwi\u0119cony mechanice samochodowej oraz motoryzacji i nasze forum: forum-mechaniczne.pl\",\"potentialAction\":[{\"@type\":\"SearchAction\",\"target\":{\"@type\":\"EntryPoint\",\"urlTemplate\":\"https:\\\/\\\/forum-mechaniczne.pl\\\/portal\\\/?s={search_term_string}\"},\"query-input\":{\"@type\":\"PropertyValueSpecification\",\"valueRequired\":true,\"valueName\":\"search_term_string\"}}],\"inLanguage\":\"pl-PL\"},{\"@type\":\"Person\",\"@id\":\"https:\\\/\\\/forum-mechaniczne.pl\\\/portal\\\/#\\\/schema\\\/person\\\/4d0604b2ce30f2263d9eb737181228c5\",\"name\":\"Micha\u0142 Koz\u0142owski\",\"image\":{\"@type\":\"ImageObject\",\"inLanguage\":\"pl-PL\",\"@id\":\"https:\\\/\\\/secure.gravatar.com\\\/avatar\\\/ad6cb87dd794de716b8cca0fea548826156a2715af0a35728d4a0581c6297b28?s=96&d=mm&r=g\",\"url\":\"https:\\\/\\\/secure.gravatar.com\\\/avatar\\\/ad6cb87dd794de716b8cca0fea548826156a2715af0a35728d4a0581c6297b28?s=96&d=mm&r=g\",\"contentUrl\":\"https:\\\/\\\/secure.gravatar.com\\\/avatar\\\/ad6cb87dd794de716b8cca0fea548826156a2715af0a35728d4a0581c6297b28?s=96&d=mm&r=g\",\"caption\":\"Micha\u0142 Koz\u0142owski\"},\"description\":\"Jestem Micha\u0142 Koz\u0142owski - autor portalu mechanicznego, moja pasja do mechaniki rozpocz\u0119\u0142a si\u0119 w m\u0142odym wieku, kiedy to pierwszy raz rozebra\u0142em stary zegar \u015bcienny moich dziadk\u00f3w. Od tamtego momentu, fascynacja tym, jak rzeczy dzia\u0142aj\u0105, sta\u0142a si\u0119 nieod\u0142\u0105czn\u0105 cz\u0119\u015bci\u0105 mojego \u017cycia. Uko\u0144czy\u0142em studia na kierunku in\u017cynieria mechaniczna, co pozwoli\u0142o mi pog\u0142\u0119bi\u0107 moj\u0105 wiedz\u0119 i zrozumienie zaawansowanych technologii. Po latach pracy w r\u00f3\u017cnych zak\u0142adach przemys\u0142owych, zdecydowa\u0142em si\u0119 podzieli\u0107 moj\u0105 pasj\u0105 i wiedz\u0105, tworz\u0105c portal mechaniczny. Specjalizuj\u0119 si\u0119 w nowoczesnych rozwi\u0105zaniach w dziedzinie mechaniki i dziel\u0119 si\u0119 z czytelnikami moimi do\u015bwiadczeniami zwi\u0105zanymi z naprawami, innowacjami oraz edukacj\u0105 mechaniczn\u0105. Mieszkanie i praca we Wroc\u0142awiu pozwoli\u0142y mi na nawi\u0105zanie wsp\u00f3\u0142pracy z wieloma ekspertami i entuzjastami mechaniki, co jeszcze bardziej wzbogaca tre\u015bci publikowane na moim portalu.\",\"url\":\"https:\\\/\\\/forum-mechaniczne.pl\\\/portal\\\/author\\\/michal\\\/\"}]}<\/script>\n<!-- \/ Yoast SEO plugin. -->","yoast_head_json":{"title":"Sprzeda\u017c samochod\u00f3w u\u017cywanych wzros\u0142a o ponad 17% w 2021 roku","description":"Wed\u0142ug raportu Automotive Chamber of Commerce (CCA) rynek samochod\u00f3w u\u017cywanych zamkn\u0105\u0142 si\u0119 we wrze\u015bniu z dodatnimi liczbami","robots":{"index":"index","follow":"follow","max-snippet":"max-snippet:-1","max-image-preview":"max-image-preview:large","max-video-preview":"max-video-preview:-1"},"canonical":"https:\/\/forum-mechaniczne.pl\/portal\/sprzedaz-samochodow-uzywanych-wzrosla-o-ponad-17-w-2021-roku\/","og_locale":"pl_PL","og_type":"article","og_title":"Sprzeda\u017c samochod\u00f3w u\u017cywanych wzros\u0142a o ponad 17% w 2021 roku","og_description":"Wed\u0142ug raportu Automotive Chamber of Commerce (CCA) rynek samochod\u00f3w u\u017cywanych zamkn\u0105\u0142 si\u0119 we wrze\u015bniu z dodatnimi liczbami","og_url":"https:\/\/forum-mechaniczne.pl\/portal\/sprzedaz-samochodow-uzywanych-wzrosla-o-ponad-17-w-2021-roku\/","og_site_name":"Portal mechaniczny - samochody, nowo\u015bci, mechanika pojazdowa","article_published_time":"2021-10-29T18:14:02+00:00","og_image":[{"width":800,"height":503,"url":"https:\/\/forum-mechaniczne.pl\/portal\/wp-content\/uploads\/2021\/10\/samochody-uzywane.jpg","type":"image\/jpeg"}],"author":"Micha\u0142 Koz\u0142owski","twitter_card":"summary_large_image","twitter_misc":{"Napisane przez":"Micha\u0142 Koz\u0142owski","Szacowany czas czytania":"2 minuty"},"schema":{"@context":"https:\/\/schema.org","@graph":[{"@type":"Article","@id":"https:\/\/forum-mechaniczne.pl\/portal\/sprzedaz-samochodow-uzywanych-wzrosla-o-ponad-17-w-2021-roku\/#article","isPartOf":{"@id":"https:\/\/forum-mechaniczne.pl\/portal\/sprzedaz-samochodow-uzywanych-wzrosla-o-ponad-17-w-2021-roku\/"},"author":{"name":"Micha\u0142 Koz\u0142owski","@id":"https:\/\/forum-mechaniczne.pl\/portal\/#\/schema\/person\/4d0604b2ce30f2263d9eb737181228c5"},"headline":"Sprzeda\u017c samochod\u00f3w u\u017cywanych wzros\u0142a o ponad 17% w 2021 roku","datePublished":"2021-10-29T18:14:02+00:00","mainEntityOfPage":{"@id":"https:\/\/forum-mechaniczne.pl\/portal\/sprzedaz-samochodow-uzywanych-wzrosla-o-ponad-17-w-2021-roku\/"},"wordCount":334,"commentCount":0,"image":{"@id":"https:\/\/forum-mechaniczne.pl\/portal\/sprzedaz-samochodow-uzywanych-wzrosla-o-ponad-17-w-2021-roku\/#primaryimage"},"thumbnailUrl":"https:\/\/forum-mechaniczne.pl\/portal\/wp-content\/uploads\/2021\/10\/samochody-uzywane.jpg","articleSection":["Wiadomo\u015bci"],"inLanguage":"pl-PL","potentialAction":[{"@type":"CommentAction","name":"Comment","target":["https:\/\/forum-mechaniczne.pl\/portal\/sprzedaz-samochodow-uzywanych-wzrosla-o-ponad-17-w-2021-roku\/#respond"]}]},{"@type":"WebPage","@id":"https:\/\/forum-mechaniczne.pl\/portal\/sprzedaz-samochodow-uzywanych-wzrosla-o-ponad-17-w-2021-roku\/","url":"https:\/\/forum-mechaniczne.pl\/portal\/sprzedaz-samochodow-uzywanych-wzrosla-o-ponad-17-w-2021-roku\/","name":"Sprzeda\u017c samochod\u00f3w u\u017cywanych wzros\u0142a o ponad 17% w 2021 roku","isPartOf":{"@id":"https:\/\/forum-mechaniczne.pl\/portal\/#website"},"primaryImageOfPage":{"@id":"https:\/\/forum-mechaniczne.pl\/portal\/sprzedaz-samochodow-uzywanych-wzrosla-o-ponad-17-w-2021-roku\/#primaryimage"},"image":{"@id":"https:\/\/forum-mechaniczne.pl\/portal\/sprzedaz-samochodow-uzywanych-wzrosla-o-ponad-17-w-2021-roku\/#primaryimage"},"thumbnailUrl":"https:\/\/forum-mechaniczne.pl\/portal\/wp-content\/uploads\/2021\/10\/samochody-uzywane.jpg","datePublished":"2021-10-29T18:14:02+00:00","author":{"@id":"https:\/\/forum-mechaniczne.pl\/portal\/#\/schema\/person\/4d0604b2ce30f2263d9eb737181228c5"},"description":"Wed\u0142ug raportu Automotive Chamber of Commerce (CCA) rynek samochod\u00f3w u\u017cywanych zamkn\u0105\u0142 si\u0119 we wrze\u015bniu z dodatnimi liczbami","inLanguage":"pl-PL","potentialAction":[{"@type":"ReadAction","target":["https:\/\/forum-mechaniczne.pl\/portal\/sprzedaz-samochodow-uzywanych-wzrosla-o-ponad-17-w-2021-roku\/"]}]},{"@type":"ImageObject","inLanguage":"pl-PL","@id":"https:\/\/forum-mechaniczne.pl\/portal\/sprzedaz-samochodow-uzywanych-wzrosla-o-ponad-17-w-2021-roku\/#primaryimage","url":"https:\/\/forum-mechaniczne.pl\/portal\/wp-content\/uploads\/2021\/10\/samochody-uzywane.jpg","contentUrl":"https:\/\/forum-mechaniczne.pl\/portal\/wp-content\/uploads\/2021\/10\/samochody-uzywane.jpg","width":800,"height":503,"caption":"Sprzeda\u017c samochod\u00f3w u\u017cywanych wzros\u0142a o 17,1% w 2021 roku"},{"@type":"WebSite","@id":"https:\/\/forum-mechaniczne.pl\/portal\/#website","url":"https:\/\/forum-mechaniczne.pl\/portal\/","name":"Portal mechaniczny - samochody, nowo\u015bci, mechanika pojazdowa","description":"Serdecznie zaprsazamy na nasz portal po\u015bwi\u0119cony mechanice samochodowej oraz motoryzacji i nasze forum: forum-mechaniczne.pl","potentialAction":[{"@type":"SearchAction","target":{"@type":"EntryPoint","urlTemplate":"https:\/\/forum-mechaniczne.pl\/portal\/?s={search_term_string}"},"query-input":{"@type":"PropertyValueSpecification","valueRequired":true,"valueName":"search_term_string"}}],"inLanguage":"pl-PL"},{"@type":"Person","@id":"https:\/\/forum-mechaniczne.pl\/portal\/#\/schema\/person\/4d0604b2ce30f2263d9eb737181228c5","name":"Micha\u0142 Koz\u0142owski","image":{"@type":"ImageObject","inLanguage":"pl-PL","@id":"https:\/\/secure.gravatar.com\/avatar\/ad6cb87dd794de716b8cca0fea548826156a2715af0a35728d4a0581c6297b28?s=96&d=mm&r=g","url":"https:\/\/secure.gravatar.com\/avatar\/ad6cb87dd794de716b8cca0fea548826156a2715af0a35728d4a0581c6297b28?s=96&d=mm&r=g","contentUrl":"https:\/\/secure.gravatar.com\/avatar\/ad6cb87dd794de716b8cca0fea548826156a2715af0a35728d4a0581c6297b28?s=96&d=mm&r=g","caption":"Micha\u0142 Koz\u0142owski"},"description":"Jestem Micha\u0142 Koz\u0142owski - autor portalu mechanicznego, moja pasja do mechaniki rozpocz\u0119\u0142a si\u0119 w m\u0142odym wieku, kiedy to pierwszy raz rozebra\u0142em stary zegar \u015bcienny moich dziadk\u00f3w. Od tamtego momentu, fascynacja tym, jak rzeczy dzia\u0142aj\u0105, sta\u0142a si\u0119 nieod\u0142\u0105czn\u0105 cz\u0119\u015bci\u0105 mojego \u017cycia. Uko\u0144czy\u0142em studia na kierunku in\u017cynieria mechaniczna, co pozwoli\u0142o mi pog\u0142\u0119bi\u0107 moj\u0105 wiedz\u0119 i zrozumienie zaawansowanych technologii. Po latach pracy w r\u00f3\u017cnych zak\u0142adach przemys\u0142owych, zdecydowa\u0142em si\u0119 podzieli\u0107 moj\u0105 pasj\u0105 i wiedz\u0105, tworz\u0105c portal mechaniczny. Specjalizuj\u0119 si\u0119 w nowoczesnych rozwi\u0105zaniach w dziedzinie mechaniki i dziel\u0119 si\u0119 z czytelnikami moimi do\u015bwiadczeniami zwi\u0105zanymi z naprawami, innowacjami oraz edukacj\u0105 mechaniczn\u0105. Mieszkanie i praca we Wroc\u0142awiu pozwoli\u0142y mi na nawi\u0105zanie wsp\u00f3\u0142pracy z wieloma ekspertami i entuzjastami mechaniki, co jeszcze bardziej wzbogaca tre\u015bci publikowane na moim portalu.","url":"https:\/\/forum-mechaniczne.pl\/portal\/author\/michal\/"}]}},"_links":{"self":[{"href":"https:\/\/forum-mechaniczne.pl\/portal\/wp-json\/wp\/v2\/posts\/655","targetHints":{"allow":["GET"]}}],"collection":[{"href":"https:\/\/forum-mechaniczne.pl\/portal\/wp-json\/wp\/v2\/posts"}],"about":[{"href":"https:\/\/forum-mechaniczne.pl\/portal\/wp-json\/wp\/v2\/types\/post"}],"author":[{"embeddable":true,"href":"https:\/\/forum-mechaniczne.pl\/portal\/wp-json\/wp\/v2\/users\/2"}],"replies":[{"embeddable":true,"href":"https:\/\/forum-mechaniczne.pl\/portal\/wp-json\/wp\/v2\/comments?post=655"}],"version-history":[{"count":0,"href":"https:\/\/forum-mechaniczne.pl\/portal\/wp-json\/wp\/v2\/posts\/655\/revisions"}],"wp:featuredmedia":[{"embeddable":true,"href":"https:\/\/forum-mechaniczne.pl\/portal\/wp-json\/wp\/v2\/media\/678"}],"wp:attachment":[{"href":"https:\/\/forum-mechaniczne.pl\/portal\/wp-json\/wp\/v2\/media?parent=655"}],"wp:term":[{"taxonomy":"category","embeddable":true,"href":"https:\/\/forum-mechaniczne.pl\/portal\/wp-json\/wp\/v2\/categories?post=655"},{"taxonomy":"post_tag","embeddable":true,"href":"https:\/\/forum-mechaniczne.pl\/portal\/wp-json\/wp\/v2\/tags?post=655"}],"curies":[{"name":"wp","href":"https:\/\/api.w.org\/{rel}","templated":true}]}}