{"id":3930,"date":"2025-11-05T10:47:14","date_gmt":"2025-11-05T09:47:14","guid":{"rendered":"https:\/\/forum-mechaniczne.pl\/portal\/?p=3930"},"modified":"2025-11-05T10:48:12","modified_gmt":"2025-11-05T09:48:12","slug":"nowoczesnosc-i-prestiz-przeglad-aktualnej-oferty-audi-na-2025-rok","status":"publish","type":"post","link":"https:\/\/forum-mechaniczne.pl\/portal\/nowoczesnosc-i-prestiz-przeglad-aktualnej-oferty-audi-na-2025-rok\/","title":{"rendered":"Nowoczesno\u015b\u0107 i presti\u017c \u2013 przegl\u0105d aktualnej oferty Audi na 2025 rok"},"content":{"rendered":"\n<p>Marka Audi w 2025 roku ponownie wyznacza standardy w segmencie premium, prezentuj\u0105c gam\u0119 pojazd\u00f3w \u0142\u0105cz\u0105cych prze\u0142omowe technologie z unikalnym wzornictwem. Polska oferta skupia si\u0119 na dopracowanych modelach kompaktowych, kt\u00f3re redefiniuj\u0105 oczekiwania wobec tej klasy. Wprowadzaj\u0105 one innowacyjne systemy wsparcia i luksusowe detale do codziennego u\u017cytkowania, udowadniaj\u0105c pozycj\u0119 lidera.<\/p>\n\n\n\n<div id=\"ez-toc-container\" class=\"ez-toc-v2_0_82_2 counter-hierarchy ez-toc-counter ez-toc-custom ez-toc-container-direction\">\n<div class=\"ez-toc-title-container\">\n<p class=\"ez-toc-title\" style=\"cursor:inherit\">Spis tre\u015bci:<\/p>\n<span class=\"ez-toc-title-toggle\"><a href=\"#\" class=\"ez-toc-pull-right ez-toc-btn ez-toc-btn-xs ez-toc-btn-default ez-toc-toggle\" aria-label=\"Prze\u0142\u0105cznik Spisu Tre\u015bci\"><span class=\"ez-toc-js-icon-con\"><span class=\"\"><span class=\"eztoc-hide\" style=\"display:none;\">Toggle<\/span><span class=\"ez-toc-icon-toggle-span\"><svg style=\"fill: #999;color:#999\" xmlns=\"http:\/\/www.w3.org\/2000\/svg\" class=\"list-377408\" width=\"20px\" height=\"20px\" viewBox=\"0 0 24 24\" fill=\"none\"><path d=\"M6 6H4v2h2V6zm14 0H8v2h12V6zM4 11h2v2H4v-2zm16 0H8v2h12v-2zM4 16h2v2H4v-2zm16 0H8v2h12v-2z\" fill=\"currentColor\"><\/path><\/svg><svg style=\"fill: #999;color:#999\" class=\"arrow-unsorted-368013\" xmlns=\"http:\/\/www.w3.org\/2000\/svg\" width=\"10px\" height=\"10px\" viewBox=\"0 0 24 24\" version=\"1.2\" baseProfile=\"tiny\"><path d=\"M18.2 9.3l-6.2-6.3-6.2 6.3c-.2.2-.3.4-.3.7s.1.5.3.7c.2.2.4.3.7.3h11c.3 0 .5-.1.7-.3.2-.2.3-.5.3-.7s-.1-.5-.3-.7zM5.8 14.7l6.2 6.3 6.2-6.3c.2-.2.3-.5.3-.7s-.1-.5-.3-.7c-.2-.2-.4-.3-.7-.3h-11c-.3 0-.5.1-.7.3-.2.2-.3.5-.3.7s.1.5.3.7z\"\/><\/svg><\/span><\/span><\/span><\/a><\/span><\/div>\n<nav><ul class='ez-toc-list ez-toc-list-level-1 ' ><li class='ez-toc-page-1 ez-toc-heading-level-2'><a class=\"ez-toc-link ez-toc-heading-1\" href=\"https:\/\/forum-mechaniczne.pl\/portal\/nowoczesnosc-i-prestiz-przeglad-aktualnej-oferty-audi-na-2025-rok\/#Czym_zaskakuje_najmniejszy_czlonek_rodziny_Audi_A1_sportback\" >Czym zaskakuje najmniejszy cz\u0142onek rodziny? Audi A1 sportback<\/a><\/li><li class='ez-toc-page-1 ez-toc-heading-level-2'><a class=\"ez-toc-link ez-toc-heading-2\" href=\"https:\/\/forum-mechaniczne.pl\/portal\/nowoczesnosc-i-prestiz-przeglad-aktualnej-oferty-audi-na-2025-rok\/#Jak_Audi_A3_Sportback_laczy_codzienna_funkcjonalnosc_ze_sportowym_zacieciem\" >Jak Audi A3 Sportback \u0142\u0105czy codzienn\u0105 funkcjonalno\u015b\u0107 ze sportowym zaci\u0119ciem?<\/a><\/li><li class='ez-toc-page-1 ez-toc-heading-level-2'><a class=\"ez-toc-link ez-toc-heading-3\" href=\"https:\/\/forum-mechaniczne.pl\/portal\/nowoczesnosc-i-prestiz-przeglad-aktualnej-oferty-audi-na-2025-rok\/#Co_sprawia_ze_Audi_S3_Sportback_jest_kompaktem_o_prawdziwie_wyczynowym_charakterze\" >Co sprawia \u017ce Audi S3 Sportback jest kompaktem o prawdziwie wyczynowym charakterze?<\/a><\/li><\/ul><\/nav><\/div>\n<h2 class=\"wp-block-heading\"><span class=\"ez-toc-section\" id=\"Czym_zaskakuje_najmniejszy_czlonek_rodziny_Audi_A1_sportback\"><\/span>Czym zaskakuje najmniejszy cz\u0142onek rodziny? Audi A1 sportback<span class=\"ez-toc-section-end\"><\/span><\/h2>\n\n\n\n<p>Audi A1 Sportback wnosi ogromne pok\u0142ady <strong>sportowego charakteru<\/strong> do segmentu kompaktowego, przyci\u0105gaj\u0105c wzrok bogat\u0105 palet\u0105 lakier\u00f3w i opcjami personalizacji. Wn\u0119trze zaprojektowano z my\u015bl\u0105 o dostarczeniu kierowcy <strong>maksimum emocji<\/strong>, tworz\u0105c najbardziej sportowy kokpit w tej klasie. Model ten oferuje zaawansowane wsparcie, jak opcjonalny asystent pasa ruchu czy systemy parkowania. Na szczycie gamy silnikowej znajduje si\u0119 jednostka 2.0 TFSI o mocy 207 KM, wspierana przez dynamicznie zestrojone zawieszenie. Pe\u0142na specyfikacja tego zwinnego modelu dost\u0119pna jest na stronie: <a href=\"https:\/\/www.audi.pl\/pl\/modele\/a1\/a1-sportback\/\" target=\"_blank\" rel=\"noreferrer noopener\">https:\/\/www.audi.pl\/pl\/modele\/a1\/a1-sportback\/<\/a>.<\/p>\n\n\n\n<h2 class=\"wp-block-heading\"><span class=\"ez-toc-section\" id=\"Jak_Audi_A3_Sportback_laczy_codzienna_funkcjonalnosc_ze_sportowym_zacieciem\"><\/span>Jak Audi A3 Sportback \u0142\u0105czy codzienn\u0105 funkcjonalno\u015b\u0107 ze sportowym zaci\u0119ciem?<span class=\"ez-toc-section-end\"><\/span><\/h2>\n\n\n\n<p>Model A3 Sportback to mistrzowskie po\u0142\u0105czenie <strong>dynamicznego charakteru<\/strong> z codzienn\u0105 funkcjonalno\u015bci\u0105, idealnie wpisuj\u0105c si\u0119 w potrzeby kierowc\u00f3w. Oferuje on nie tylko wyraziste lakiery, ale przede wszystkim niezwykle elastyczne wn\u0119trze, gdzie pojemno\u015b\u0107 baga\u017cnika ro\u015bnie z 380 do 1200 litr\u00f3w. Technologiczny wymiar podr\u00f3\u017cy definiuje opcjonalny <strong>system nag\u0142o\u015bnienia SONOS z d\u017awi\u0119kiem 3D<\/strong>, zamieniaj\u0105c kabin\u0119 w sal\u0119 koncertow\u0105. Pomimo sportowych aspiracji, A3 Sportback pozostaje racjonalny dzi\u0119ki technologii mild hybrid i oszcz\u0119dnym silnikom. Ten wszechstronny pojazd, kt\u00f3rego szczeg\u00f3\u0142y opisano na <a href=\"https:\/\/www.audi.pl\/pl\/modele\/a3\/a3-sportback\/\" target=\"_blank\" rel=\"noreferrer noopener\">https:\/\/www.audi.pl\/pl\/modele\/a3\/a3-sportback\/<\/a>, jest idealnym towarzyszem na co dzie\u0144.<\/p>\n\n\n\n<h2 class=\"wp-block-heading\"><span class=\"ez-toc-section\" id=\"Co_sprawia_ze_Audi_S3_Sportback_jest_kompaktem_o_prawdziwie_wyczynowym_charakterze\"><\/span>Co sprawia \u017ce Audi S3 Sportback jest kompaktem o prawdziwie wyczynowym charakterze?<span class=\"ez-toc-section-end\"><\/span><\/h2>\n\n\n\n<p>Na szczycie oferty stoi <strong>Audi S3 Sportback<\/strong>, b\u0119d\u0105ce kwintesencj\u0105 bezkompromisowych osi\u0105g\u00f3w w kompaktowej formie. Sercem modelu jest silnik TFSI o mocy 245 kW, gwarantuj\u0105cy <strong>pot\u0119\u017cne wra\u017cenia z jazdy<\/strong> wspierane przez nap\u0119d quattro i system Torque-Splitter. Atletyczny wr\u0119cz charakter podkre\u015bla zaawansowana choreografia o\u015bwietleniowa reflektor\u00f3w Matrix LED oraz liczne sportowe detale we wn\u0119trzu. Mimo wyczynowego DNA, S3 zachowuje praktyczno\u015b\u0107 dzi\u0119ki baga\u017cnikowi o pojemno\u015bci do 1145 litr\u00f3w. Jego pe\u0142ne mo\u017cliwo\u015bci znajdziesz tutaj: <a href=\"https:\/\/www.audi.pl\/pl\/modele\/a3\/s3-sportback\/\" target=\"_blank\" rel=\"noreferrer noopener\">https:\/\/www.audi.pl\/pl\/modele\/a3\/s3-sportback\/<\/a>.<\/p>\n\n\n\n<p>Tegoroczna oferta Audi na polskim rynku to prawdziwa demonstracja <strong>nowoczesno\u015bci i technologicznego zaanga\u017cowania<\/strong> w segmencie kompaktowych aut premium. Od pe\u0142nego emocji A1 Sportback, przez niezwykle wszechstronny model A3 Sportback, a\u017c po kipi\u0105ce moc\u0105 S3 Sportback, ka\u017cdy z tych samochod\u00f3w oferuje unikalne do\u015bwiadczenia. Zaawansowane systemy wsparcia kierowcy, inteligentna technologia o\u015bwietleniowa oraz luksusowo wyko\u0144czone wn\u0119trza sprawiaj\u0105, \u017ce Audi ponownie redefiniuje oczekiwania. To pojazdy, kt\u00f3re nie tylko wyznaczaj\u0105 trendy, ale tak\u017ce dostarczaj\u0105 czystej przyjemno\u015bci z jazdy ka\u017cdego dnia.<\/p>\n","protected":false},"excerpt":{"rendered":"<p>Marka Audi w 2025 roku ponownie wyznacza standardy w segmencie premium, prezentuj\u0105c gam\u0119 pojazd\u00f3w \u0142\u0105cz\u0105cych prze\u0142omowe technologie z unikalnym wzornictwem. Polska oferta skupia si\u0119 na dopracowanych modelach kompaktowych, kt\u00f3re redefiniuj\u0105 oczekiwania wobec tej klasy. Wprowadzaj\u0105 one innowacyjne systemy wsparcia i luksusowe detale do codziennego u\u017cytkowania, udowadniaj\u0105c pozycj\u0119 lidera. Czym zaskakuje najmniejszy cz\u0142onek rodziny? Audi A1 [&hellip;]<\/p>\n","protected":false},"author":2,"featured_media":3934,"comment_status":"open","ping_status":"open","sticky":false,"template":"","format":"standard","meta":{"footnotes":""},"categories":[5],"tags":[],"class_list":["post-3930","post","type-post","status-publish","format-standard","has-post-thumbnail","hentry","category-samochody"],"yoast_head":"<!-- This site is optimized with the Yoast SEO plugin v27.5 - https:\/\/yoast.com\/product\/yoast-seo-wordpress\/ -->\n<title>Nowoczesno\u015b\u0107 i presti\u017c \u2013 przegl\u0105d aktualnej oferty Audi na 2025...<\/title>\n<meta name=\"description\" content=\"Marka Audi w 2025 roku ponownie wyznacza standardy w segmencie premium, prezentuj\u0105c gam\u0119 pojazd\u00f3w \u0142\u0105cz\u0105cych prze\u0142omowe technologie...\" \/>\n<meta name=\"robots\" content=\"index, follow, max-snippet:-1, max-image-preview:large, max-video-preview:-1\" \/>\n<link rel=\"canonical\" href=\"https:\/\/forum-mechaniczne.pl\/portal\/nowoczesnosc-i-prestiz-przeglad-aktualnej-oferty-audi-na-2025-rok\/\" \/>\n<meta property=\"og:locale\" content=\"pl_PL\" \/>\n<meta property=\"og:type\" content=\"article\" \/>\n<meta property=\"og:title\" content=\"Nowoczesno\u015b\u0107 i presti\u017c \u2013 przegl\u0105d aktualnej oferty Audi na 2025...\" \/>\n<meta property=\"og:description\" content=\"Marka Audi w 2025 roku ponownie wyznacza standardy w segmencie premium, prezentuj\u0105c gam\u0119 pojazd\u00f3w \u0142\u0105cz\u0105cych prze\u0142omowe technologie...\" \/>\n<meta property=\"og:url\" content=\"https:\/\/forum-mechaniczne.pl\/portal\/nowoczesnosc-i-prestiz-przeglad-aktualnej-oferty-audi-na-2025-rok\/\" \/>\n<meta property=\"og:site_name\" content=\"Portal mechaniczny - samochody, nowo\u015bci, mechanika pojazdowa\" \/>\n<meta property=\"article:published_time\" content=\"2025-11-05T09:47:14+00:00\" \/>\n<meta property=\"article:modified_time\" content=\"2025-11-05T09:48:12+00:00\" \/>\n<meta property=\"og:image\" content=\"https:\/\/forum-mechaniczne.pl\/portal\/wp-content\/uploads\/2025\/11\/Nowoczesnosc-i-prestiz-\u2013-przeglad-aktualnej-oferty-Audi-na-2025-rok.webp\" \/>\n\t<meta property=\"og:image:width\" content=\"800\" \/>\n\t<meta property=\"og:image:height\" content=\"402\" \/>\n\t<meta property=\"og:image:type\" content=\"image\/webp\" \/>\n<meta name=\"author\" content=\"Micha\u0142 Koz\u0142owski\" \/>\n<meta name=\"twitter:card\" content=\"summary_large_image\" \/>\n<meta name=\"twitter:label1\" content=\"Napisane przez\" \/>\n\t<meta name=\"twitter:data1\" content=\"Micha\u0142 Koz\u0142owski\" \/>\n\t<meta name=\"twitter:label2\" content=\"Szacowany czas czytania\" \/>\n\t<meta name=\"twitter:data2\" content=\"3 minuty\" \/>\n<script type=\"application\/ld+json\" class=\"yoast-schema-graph\">{\"@context\":\"https:\\\/\\\/schema.org\",\"@graph\":[{\"@type\":\"Article\",\"@id\":\"https:\\\/\\\/forum-mechaniczne.pl\\\/portal\\\/nowoczesnosc-i-prestiz-przeglad-aktualnej-oferty-audi-na-2025-rok\\\/#article\",\"isPartOf\":{\"@id\":\"https:\\\/\\\/forum-mechaniczne.pl\\\/portal\\\/nowoczesnosc-i-prestiz-przeglad-aktualnej-oferty-audi-na-2025-rok\\\/\"},\"author\":{\"name\":\"Micha\u0142 Koz\u0142owski\",\"@id\":\"https:\\\/\\\/forum-mechaniczne.pl\\\/portal\\\/#\\\/schema\\\/person\\\/4d0604b2ce30f2263d9eb737181228c5\"},\"headline\":\"Nowoczesno\u015b\u0107 i presti\u017c \u2013 przegl\u0105d aktualnej oferty Audi na 2025 rok\",\"datePublished\":\"2025-11-05T09:47:14+00:00\",\"dateModified\":\"2025-11-05T09:48:12+00:00\",\"mainEntityOfPage\":{\"@id\":\"https:\\\/\\\/forum-mechaniczne.pl\\\/portal\\\/nowoczesnosc-i-prestiz-przeglad-aktualnej-oferty-audi-na-2025-rok\\\/\"},\"wordCount\":478,\"commentCount\":1,\"image\":{\"@id\":\"https:\\\/\\\/forum-mechaniczne.pl\\\/portal\\\/nowoczesnosc-i-prestiz-przeglad-aktualnej-oferty-audi-na-2025-rok\\\/#primaryimage\"},\"thumbnailUrl\":\"https:\\\/\\\/forum-mechaniczne.pl\\\/portal\\\/wp-content\\\/uploads\\\/2025\\\/11\\\/Nowoczesnosc-i-prestiz-\u2013-przeglad-aktualnej-oferty-Audi-na-2025-rok.webp\",\"articleSection\":[\"Samochody\"],\"inLanguage\":\"pl-PL\",\"potentialAction\":[{\"@type\":\"CommentAction\",\"name\":\"Comment\",\"target\":[\"https:\\\/\\\/forum-mechaniczne.pl\\\/portal\\\/nowoczesnosc-i-prestiz-przeglad-aktualnej-oferty-audi-na-2025-rok\\\/#respond\"]}]},{\"@type\":\"WebPage\",\"@id\":\"https:\\\/\\\/forum-mechaniczne.pl\\\/portal\\\/nowoczesnosc-i-prestiz-przeglad-aktualnej-oferty-audi-na-2025-rok\\\/\",\"url\":\"https:\\\/\\\/forum-mechaniczne.pl\\\/portal\\\/nowoczesnosc-i-prestiz-przeglad-aktualnej-oferty-audi-na-2025-rok\\\/\",\"name\":\"Nowoczesno\u015b\u0107 i presti\u017c \u2013 przegl\u0105d aktualnej oferty Audi na 2025...\",\"isPartOf\":{\"@id\":\"https:\\\/\\\/forum-mechaniczne.pl\\\/portal\\\/#website\"},\"primaryImageOfPage\":{\"@id\":\"https:\\\/\\\/forum-mechaniczne.pl\\\/portal\\\/nowoczesnosc-i-prestiz-przeglad-aktualnej-oferty-audi-na-2025-rok\\\/#primaryimage\"},\"image\":{\"@id\":\"https:\\\/\\\/forum-mechaniczne.pl\\\/portal\\\/nowoczesnosc-i-prestiz-przeglad-aktualnej-oferty-audi-na-2025-rok\\\/#primaryimage\"},\"thumbnailUrl\":\"https:\\\/\\\/forum-mechaniczne.pl\\\/portal\\\/wp-content\\\/uploads\\\/2025\\\/11\\\/Nowoczesnosc-i-prestiz-\u2013-przeglad-aktualnej-oferty-Audi-na-2025-rok.webp\",\"datePublished\":\"2025-11-05T09:47:14+00:00\",\"dateModified\":\"2025-11-05T09:48:12+00:00\",\"author\":{\"@id\":\"https:\\\/\\\/forum-mechaniczne.pl\\\/portal\\\/#\\\/schema\\\/person\\\/4d0604b2ce30f2263d9eb737181228c5\"},\"description\":\"Marka Audi w 2025 roku ponownie wyznacza standardy w segmencie premium, prezentuj\u0105c gam\u0119 pojazd\u00f3w \u0142\u0105cz\u0105cych prze\u0142omowe technologie...\",\"inLanguage\":\"pl-PL\",\"potentialAction\":[{\"@type\":\"ReadAction\",\"target\":[\"https:\\\/\\\/forum-mechaniczne.pl\\\/portal\\\/nowoczesnosc-i-prestiz-przeglad-aktualnej-oferty-audi-na-2025-rok\\\/\"]}]},{\"@type\":\"ImageObject\",\"inLanguage\":\"pl-PL\",\"@id\":\"https:\\\/\\\/forum-mechaniczne.pl\\\/portal\\\/nowoczesnosc-i-prestiz-przeglad-aktualnej-oferty-audi-na-2025-rok\\\/#primaryimage\",\"url\":\"https:\\\/\\\/forum-mechaniczne.pl\\\/portal\\\/wp-content\\\/uploads\\\/2025\\\/11\\\/Nowoczesnosc-i-prestiz-\u2013-przeglad-aktualnej-oferty-Audi-na-2025-rok.webp\",\"contentUrl\":\"https:\\\/\\\/forum-mechaniczne.pl\\\/portal\\\/wp-content\\\/uploads\\\/2025\\\/11\\\/Nowoczesnosc-i-prestiz-\u2013-przeglad-aktualnej-oferty-Audi-na-2025-rok.webp\",\"width\":800,\"height\":402,\"caption\":\"Nowoczesno\u015b\u0107 i presti\u017c \u2013 przegl\u0105d aktualnej oferty Audi na 2025 rok. Zdj\u0119cie: Audi AG\"},{\"@type\":\"WebSite\",\"@id\":\"https:\\\/\\\/forum-mechaniczne.pl\\\/portal\\\/#website\",\"url\":\"https:\\\/\\\/forum-mechaniczne.pl\\\/portal\\\/\",\"name\":\"Portal mechaniczny - samochody, nowo\u015bci, mechanika pojazdowa\",\"description\":\"Serdecznie zaprsazamy na nasz portal po\u015bwi\u0119cony mechanice samochodowej oraz motoryzacji i nasze forum: forum-mechaniczne.pl\",\"potentialAction\":[{\"@type\":\"SearchAction\",\"target\":{\"@type\":\"EntryPoint\",\"urlTemplate\":\"https:\\\/\\\/forum-mechaniczne.pl\\\/portal\\\/?s={search_term_string}\"},\"query-input\":{\"@type\":\"PropertyValueSpecification\",\"valueRequired\":true,\"valueName\":\"search_term_string\"}}],\"inLanguage\":\"pl-PL\"},{\"@type\":\"Person\",\"@id\":\"https:\\\/\\\/forum-mechaniczne.pl\\\/portal\\\/#\\\/schema\\\/person\\\/4d0604b2ce30f2263d9eb737181228c5\",\"name\":\"Micha\u0142 Koz\u0142owski\",\"image\":{\"@type\":\"ImageObject\",\"inLanguage\":\"pl-PL\",\"@id\":\"https:\\\/\\\/secure.gravatar.com\\\/avatar\\\/ad6cb87dd794de716b8cca0fea548826156a2715af0a35728d4a0581c6297b28?s=96&d=mm&r=g\",\"url\":\"https:\\\/\\\/secure.gravatar.com\\\/avatar\\\/ad6cb87dd794de716b8cca0fea548826156a2715af0a35728d4a0581c6297b28?s=96&d=mm&r=g\",\"contentUrl\":\"https:\\\/\\\/secure.gravatar.com\\\/avatar\\\/ad6cb87dd794de716b8cca0fea548826156a2715af0a35728d4a0581c6297b28?s=96&d=mm&r=g\",\"caption\":\"Micha\u0142 Koz\u0142owski\"},\"description\":\"Jestem Micha\u0142 Koz\u0142owski - autor portalu mechanicznego, moja pasja do mechaniki rozpocz\u0119\u0142a si\u0119 w m\u0142odym wieku, kiedy to pierwszy raz rozebra\u0142em stary zegar \u015bcienny moich dziadk\u00f3w. Od tamtego momentu, fascynacja tym, jak rzeczy dzia\u0142aj\u0105, sta\u0142a si\u0119 nieod\u0142\u0105czn\u0105 cz\u0119\u015bci\u0105 mojego \u017cycia. Uko\u0144czy\u0142em studia na kierunku in\u017cynieria mechaniczna, co pozwoli\u0142o mi pog\u0142\u0119bi\u0107 moj\u0105 wiedz\u0119 i zrozumienie zaawansowanych technologii. Po latach pracy w r\u00f3\u017cnych zak\u0142adach przemys\u0142owych, zdecydowa\u0142em si\u0119 podzieli\u0107 moj\u0105 pasj\u0105 i wiedz\u0105, tworz\u0105c portal mechaniczny. Specjalizuj\u0119 si\u0119 w nowoczesnych rozwi\u0105zaniach w dziedzinie mechaniki i dziel\u0119 si\u0119 z czytelnikami moimi do\u015bwiadczeniami zwi\u0105zanymi z naprawami, innowacjami oraz edukacj\u0105 mechaniczn\u0105. Mieszkanie i praca we Wroc\u0142awiu pozwoli\u0142y mi na nawi\u0105zanie wsp\u00f3\u0142pracy z wieloma ekspertami i entuzjastami mechaniki, co jeszcze bardziej wzbogaca tre\u015bci publikowane na moim portalu.\",\"url\":\"https:\\\/\\\/forum-mechaniczne.pl\\\/portal\\\/author\\\/michal\\\/\"}]}<\/script>\n<!-- \/ Yoast SEO plugin. -->","yoast_head_json":{"title":"Nowoczesno\u015b\u0107 i presti\u017c \u2013 przegl\u0105d aktualnej oferty Audi na 2025...","description":"Marka Audi w 2025 roku ponownie wyznacza standardy w segmencie premium, prezentuj\u0105c gam\u0119 pojazd\u00f3w \u0142\u0105cz\u0105cych prze\u0142omowe technologie...","robots":{"index":"index","follow":"follow","max-snippet":"max-snippet:-1","max-image-preview":"max-image-preview:large","max-video-preview":"max-video-preview:-1"},"canonical":"https:\/\/forum-mechaniczne.pl\/portal\/nowoczesnosc-i-prestiz-przeglad-aktualnej-oferty-audi-na-2025-rok\/","og_locale":"pl_PL","og_type":"article","og_title":"Nowoczesno\u015b\u0107 i presti\u017c \u2013 przegl\u0105d aktualnej oferty Audi na 2025...","og_description":"Marka Audi w 2025 roku ponownie wyznacza standardy w segmencie premium, prezentuj\u0105c gam\u0119 pojazd\u00f3w \u0142\u0105cz\u0105cych prze\u0142omowe technologie...","og_url":"https:\/\/forum-mechaniczne.pl\/portal\/nowoczesnosc-i-prestiz-przeglad-aktualnej-oferty-audi-na-2025-rok\/","og_site_name":"Portal mechaniczny - samochody, nowo\u015bci, mechanika pojazdowa","article_published_time":"2025-11-05T09:47:14+00:00","article_modified_time":"2025-11-05T09:48:12+00:00","og_image":[{"width":800,"height":402,"url":"https:\/\/forum-mechaniczne.pl\/portal\/wp-content\/uploads\/2025\/11\/Nowoczesnosc-i-prestiz-\u2013-przeglad-aktualnej-oferty-Audi-na-2025-rok.webp","type":"image\/webp"}],"author":"Micha\u0142 Koz\u0142owski","twitter_card":"summary_large_image","twitter_misc":{"Napisane przez":"Micha\u0142 Koz\u0142owski","Szacowany czas czytania":"3 minuty"},"schema":{"@context":"https:\/\/schema.org","@graph":[{"@type":"Article","@id":"https:\/\/forum-mechaniczne.pl\/portal\/nowoczesnosc-i-prestiz-przeglad-aktualnej-oferty-audi-na-2025-rok\/#article","isPartOf":{"@id":"https:\/\/forum-mechaniczne.pl\/portal\/nowoczesnosc-i-prestiz-przeglad-aktualnej-oferty-audi-na-2025-rok\/"},"author":{"name":"Micha\u0142 Koz\u0142owski","@id":"https:\/\/forum-mechaniczne.pl\/portal\/#\/schema\/person\/4d0604b2ce30f2263d9eb737181228c5"},"headline":"Nowoczesno\u015b\u0107 i presti\u017c \u2013 przegl\u0105d aktualnej oferty Audi na 2025 rok","datePublished":"2025-11-05T09:47:14+00:00","dateModified":"2025-11-05T09:48:12+00:00","mainEntityOfPage":{"@id":"https:\/\/forum-mechaniczne.pl\/portal\/nowoczesnosc-i-prestiz-przeglad-aktualnej-oferty-audi-na-2025-rok\/"},"wordCount":478,"commentCount":1,"image":{"@id":"https:\/\/forum-mechaniczne.pl\/portal\/nowoczesnosc-i-prestiz-przeglad-aktualnej-oferty-audi-na-2025-rok\/#primaryimage"},"thumbnailUrl":"https:\/\/forum-mechaniczne.pl\/portal\/wp-content\/uploads\/2025\/11\/Nowoczesnosc-i-prestiz-\u2013-przeglad-aktualnej-oferty-Audi-na-2025-rok.webp","articleSection":["Samochody"],"inLanguage":"pl-PL","potentialAction":[{"@type":"CommentAction","name":"Comment","target":["https:\/\/forum-mechaniczne.pl\/portal\/nowoczesnosc-i-prestiz-przeglad-aktualnej-oferty-audi-na-2025-rok\/#respond"]}]},{"@type":"WebPage","@id":"https:\/\/forum-mechaniczne.pl\/portal\/nowoczesnosc-i-prestiz-przeglad-aktualnej-oferty-audi-na-2025-rok\/","url":"https:\/\/forum-mechaniczne.pl\/portal\/nowoczesnosc-i-prestiz-przeglad-aktualnej-oferty-audi-na-2025-rok\/","name":"Nowoczesno\u015b\u0107 i presti\u017c \u2013 przegl\u0105d aktualnej oferty Audi na 2025...","isPartOf":{"@id":"https:\/\/forum-mechaniczne.pl\/portal\/#website"},"primaryImageOfPage":{"@id":"https:\/\/forum-mechaniczne.pl\/portal\/nowoczesnosc-i-prestiz-przeglad-aktualnej-oferty-audi-na-2025-rok\/#primaryimage"},"image":{"@id":"https:\/\/forum-mechaniczne.pl\/portal\/nowoczesnosc-i-prestiz-przeglad-aktualnej-oferty-audi-na-2025-rok\/#primaryimage"},"thumbnailUrl":"https:\/\/forum-mechaniczne.pl\/portal\/wp-content\/uploads\/2025\/11\/Nowoczesnosc-i-prestiz-\u2013-przeglad-aktualnej-oferty-Audi-na-2025-rok.webp","datePublished":"2025-11-05T09:47:14+00:00","dateModified":"2025-11-05T09:48:12+00:00","author":{"@id":"https:\/\/forum-mechaniczne.pl\/portal\/#\/schema\/person\/4d0604b2ce30f2263d9eb737181228c5"},"description":"Marka Audi w 2025 roku ponownie wyznacza standardy w segmencie premium, prezentuj\u0105c gam\u0119 pojazd\u00f3w \u0142\u0105cz\u0105cych prze\u0142omowe technologie...","inLanguage":"pl-PL","potentialAction":[{"@type":"ReadAction","target":["https:\/\/forum-mechaniczne.pl\/portal\/nowoczesnosc-i-prestiz-przeglad-aktualnej-oferty-audi-na-2025-rok\/"]}]},{"@type":"ImageObject","inLanguage":"pl-PL","@id":"https:\/\/forum-mechaniczne.pl\/portal\/nowoczesnosc-i-prestiz-przeglad-aktualnej-oferty-audi-na-2025-rok\/#primaryimage","url":"https:\/\/forum-mechaniczne.pl\/portal\/wp-content\/uploads\/2025\/11\/Nowoczesnosc-i-prestiz-\u2013-przeglad-aktualnej-oferty-Audi-na-2025-rok.webp","contentUrl":"https:\/\/forum-mechaniczne.pl\/portal\/wp-content\/uploads\/2025\/11\/Nowoczesnosc-i-prestiz-\u2013-przeglad-aktualnej-oferty-Audi-na-2025-rok.webp","width":800,"height":402,"caption":"Nowoczesno\u015b\u0107 i presti\u017c \u2013 przegl\u0105d aktualnej oferty Audi na 2025 rok. Zdj\u0119cie: Audi AG"},{"@type":"WebSite","@id":"https:\/\/forum-mechaniczne.pl\/portal\/#website","url":"https:\/\/forum-mechaniczne.pl\/portal\/","name":"Portal mechaniczny - samochody, nowo\u015bci, mechanika pojazdowa","description":"Serdecznie zaprsazamy na nasz portal po\u015bwi\u0119cony mechanice samochodowej oraz motoryzacji i nasze forum: forum-mechaniczne.pl","potentialAction":[{"@type":"SearchAction","target":{"@type":"EntryPoint","urlTemplate":"https:\/\/forum-mechaniczne.pl\/portal\/?s={search_term_string}"},"query-input":{"@type":"PropertyValueSpecification","valueRequired":true,"valueName":"search_term_string"}}],"inLanguage":"pl-PL"},{"@type":"Person","@id":"https:\/\/forum-mechaniczne.pl\/portal\/#\/schema\/person\/4d0604b2ce30f2263d9eb737181228c5","name":"Micha\u0142 Koz\u0142owski","image":{"@type":"ImageObject","inLanguage":"pl-PL","@id":"https:\/\/secure.gravatar.com\/avatar\/ad6cb87dd794de716b8cca0fea548826156a2715af0a35728d4a0581c6297b28?s=96&d=mm&r=g","url":"https:\/\/secure.gravatar.com\/avatar\/ad6cb87dd794de716b8cca0fea548826156a2715af0a35728d4a0581c6297b28?s=96&d=mm&r=g","contentUrl":"https:\/\/secure.gravatar.com\/avatar\/ad6cb87dd794de716b8cca0fea548826156a2715af0a35728d4a0581c6297b28?s=96&d=mm&r=g","caption":"Micha\u0142 Koz\u0142owski"},"description":"Jestem Micha\u0142 Koz\u0142owski - autor portalu mechanicznego, moja pasja do mechaniki rozpocz\u0119\u0142a si\u0119 w m\u0142odym wieku, kiedy to pierwszy raz rozebra\u0142em stary zegar \u015bcienny moich dziadk\u00f3w. Od tamtego momentu, fascynacja tym, jak rzeczy dzia\u0142aj\u0105, sta\u0142a si\u0119 nieod\u0142\u0105czn\u0105 cz\u0119\u015bci\u0105 mojego \u017cycia. Uko\u0144czy\u0142em studia na kierunku in\u017cynieria mechaniczna, co pozwoli\u0142o mi pog\u0142\u0119bi\u0107 moj\u0105 wiedz\u0119 i zrozumienie zaawansowanych technologii. Po latach pracy w r\u00f3\u017cnych zak\u0142adach przemys\u0142owych, zdecydowa\u0142em si\u0119 podzieli\u0107 moj\u0105 pasj\u0105 i wiedz\u0105, tworz\u0105c portal mechaniczny. Specjalizuj\u0119 si\u0119 w nowoczesnych rozwi\u0105zaniach w dziedzinie mechaniki i dziel\u0119 si\u0119 z czytelnikami moimi do\u015bwiadczeniami zwi\u0105zanymi z naprawami, innowacjami oraz edukacj\u0105 mechaniczn\u0105. Mieszkanie i praca we Wroc\u0142awiu pozwoli\u0142y mi na nawi\u0105zanie wsp\u00f3\u0142pracy z wieloma ekspertami i entuzjastami mechaniki, co jeszcze bardziej wzbogaca tre\u015bci publikowane na moim portalu.","url":"https:\/\/forum-mechaniczne.pl\/portal\/author\/michal\/"}]}},"_links":{"self":[{"href":"https:\/\/forum-mechaniczne.pl\/portal\/wp-json\/wp\/v2\/posts\/3930","targetHints":{"allow":["GET"]}}],"collection":[{"href":"https:\/\/forum-mechaniczne.pl\/portal\/wp-json\/wp\/v2\/posts"}],"about":[{"href":"https:\/\/forum-mechaniczne.pl\/portal\/wp-json\/wp\/v2\/types\/post"}],"author":[{"embeddable":true,"href":"https:\/\/forum-mechaniczne.pl\/portal\/wp-json\/wp\/v2\/users\/2"}],"replies":[{"embeddable":true,"href":"https:\/\/forum-mechaniczne.pl\/portal\/wp-json\/wp\/v2\/comments?post=3930"}],"version-history":[{"count":1,"href":"https:\/\/forum-mechaniczne.pl\/portal\/wp-json\/wp\/v2\/posts\/3930\/revisions"}],"predecessor-version":[{"id":3932,"href":"https:\/\/forum-mechaniczne.pl\/portal\/wp-json\/wp\/v2\/posts\/3930\/revisions\/3932"}],"wp:featuredmedia":[{"embeddable":true,"href":"https:\/\/forum-mechaniczne.pl\/portal\/wp-json\/wp\/v2\/media\/3934"}],"wp:attachment":[{"href":"https:\/\/forum-mechaniczne.pl\/portal\/wp-json\/wp\/v2\/media?parent=3930"}],"wp:term":[{"taxonomy":"category","embeddable":true,"href":"https:\/\/forum-mechaniczne.pl\/portal\/wp-json\/wp\/v2\/categories?post=3930"},{"taxonomy":"post_tag","embeddable":true,"href":"https:\/\/forum-mechaniczne.pl\/portal\/wp-json\/wp\/v2\/tags?post=3930"}],"curies":[{"name":"wp","href":"https:\/\/api.w.org\/{rel}","templated":true}]}}