{"id":3074,"date":"2025-05-01T12:33:14","date_gmt":"2025-05-01T10:33:14","guid":{"rendered":"https:\/\/forum-mechaniczne.pl\/portal\/?p=3074"},"modified":"2025-05-01T12:33:15","modified_gmt":"2025-05-01T10:33:15","slug":"motogar-polska-idzie-w-oryginalne-czesci-atv","status":"publish","type":"post","link":"https:\/\/forum-mechaniczne.pl\/portal\/motogar-polska-idzie-w-oryginalne-czesci-atv\/","title":{"rendered":"Motogar Polska idzie w oryginalne cz\u0119\u015bci ATV. Sp\u00f3\u0142ka poda\u0142a wi\u0119cej szczeg\u00f3\u0142\u00f3w"},"content":{"rendered":"\n<p><strong>O tym, \u017ce Motogar Polska ma w planach wej\u015b\u0107 w rynek oryginalnych cz\u0119\u015bci do quad\u00f3w, sp\u00f3\u0142ka zale\u017cna (Enduro7) informowa\u0142a w materia\u0142ach prasowych ju\u017c kilka miesi\u0119cy temu. W tej chwili poznali\u015bmy pierwsze szczeg\u00f3\u0142y. Ju\u017c w tej chwili Motogar wprowadzi\u0142 OEM&#8217;y dla marek ATV: Honda, Suzuki, Kawasaki i Yamaha.<\/strong><\/p>\n\n\n\n<p>&#8211; <em>Nad ofert\u0105 oryginalnych cz\u0119\u015bci do quad\u00f3w pracowali\u015bmy przez ca\u0142y 2023 r. Co prawda &#8211; zale\u017ca\u0142o nam na tym, aby jeszcze w IV kw. 2024 r., ale skala wyzwa\u0144 technologicznych okaza\u0142a si\u0119 wi\u0119ksza od szacunk\u00f3w. Zdecydowali\u015bmy si\u0119 m.in. na wprowadzenie zdj\u0119\u0107 360 dla wybranych SKU (numer\u00f3w cz\u0119\u015bci) oraz wygodn\u0105 wyszukiwark\u0119 cz\u0119\u015bci po modelu, co w tej bran\u017cy mo\u017cna uzna\u0107 za ewenement<\/em> &#8211; m\u00f3wi nam wsp\u00f3\u0142w\u0142a\u015bciciel, Adrian Pakulski.<\/p>\n\n\n\n<p>Jak czytamy w komunikacie prasowym, w\u0142a\u015bciciele quad\u00f3w mog\u0105 skorzysta\u0107 z konfiguratora step-by-step. Liczba sklep\u00f3w, kt\u00f3re maj\u0105 tak zbudowan\u0105 architektur\u0119 dla klienta ATV jest rzeczywi\u015bcie do\u015b\u0107 ograniczona.<\/p>\n\n\n\n<p>&#8211; <em>Zbudowanie przejrzystej wyszukiwarki dla bran\u017cy motocyklowej nie jest zbyt du\u017cym wyzwaniem. W przypadku quad\u00f3w jest to zupe\u0142nie inna skala, bowiem wiele quad\u00f3w, a w szczeg\u00f3lno\u015bci tych ameryka\u0144skich (patrz np. Polaris) wyst\u0119puje w tylu r\u00f3\u017cnych konfiguracjach, \u017ce zbudowanie oferty, w kt\u00f3rej klient mo\u017ce krok po kroku zaw\u0119\u017cy\u0107 wyniki swoich wyszukiwa\u0144 do konkretnego modelu, jest du\u017cym kosztem operacyjnym dla sp\u00f3\u0142ki<\/em> &#8211; komentuje Pakulski.<\/p>\n\n\n\n<p>Sp\u00f3\u0142ka podaje, \u017ce do tej pory zam\u00f3wienia na oryginalne cz\u0119\u015bci do pojazd\u00f3w typu UTV i ATV by\u0142y przyjmowane wy\u0142\u0105cznie drog\u0105 telefoniczn\u0105 (infolinia) oraz mailow\u0105. W tej chwili ma si\u0119 to zmieni\u0107. Ju\u017c w tej chwili klienci Motogar Polska mog\u0105 skorzysta\u0107 z wyszukiwarki cz\u0119\u015bci po modelach dla marek: Kawasaki, Suzuki, Honda i Yamaha.<\/p>\n\n\n\n<p>Inne marki maj\u0105 zosta\u0107 wprowadzone jeszcze w tym roku. Wiemy przynajmniej o Kymco i Polarisie. Pytali\u015bmy o Can-Ama, ale nie otrzymali\u015bmy jednoznacznej odpowiedzi:<\/p>\n\n\n\n<p>&#8211; <em>Marka Can-Am nie jest w naszych priorytetach, przynajmniej na razie. Z r\u00f3\u017cnych powod\u00f3w. Nie chc\u0119 tego na razie szerzej komentowa\u0107. Je\u015bli wyjdziemy z ofert\u0105 oryginalnych cz\u0119\u015bci Can-Am, na pewno poinformujemy o tym naszych klient\u00f3w.<\/em><\/p>\n\n\n\n<p>W tej chwili w ofercie Motogar Polska klienci mog\u0105 wyszukiwa\u0107 ju\u017c cz\u0119\u015bci m.in. do modeli z serii Suzuki LT-A i LT-Z, a tak\u017ce Kawasaki Teryx, Kawasaki KFX i KVF oraz Honda z serii TRX i oraz trudno dost\u0119pnego modelu tzw. trajki, czyli Honda ACT 250.<\/p>\n\n\n\n<p>Sp\u00f3\u0142ka podaje, \u017ce Motogar Polska oddaje \u0142\u0105cznie do dyspozycji klient\u00f3w ATV: blisko 2,000 cz\u0119\u015bci w por\u00f3wnaniu do 20,000 w kategorii motocykle.<\/p>\n\n\n\n<p>&#8211; <em>W segmencie AVT stawiamy tak naprawd\u0119 pierwsze kroki. Do ko\u0144ca tego roku mamy w planach do\u015b\u0107 do 7,000 cz\u0119\u015bci dla klient\u00f3w ATV\/UTV.<\/em><\/p>\n\n\n\n<p>Motogar Polska to sklep o profilu oryginalnych cz\u0119\u015bci OEM, kt\u00f3ry powsta\u0142 w 2016 r. i sw\u00f3j punkt stacjonarny mie\u015bci w Koszalinie. Marka skupia si\u0119 na imporcie oryginalnych cz\u0119\u015bci do motocykli i quad\u00f3w, w tym przede wszystkim do marek japo\u0144skich.<\/p>\n\n\n<div class=\"wp-block-image\">\n<figure class=\"aligncenter size-full\"><img loading=\"lazy\" decoding=\"async\" width=\"800\" height=\"504\" src=\"https:\/\/forum-mechaniczne.pl\/portal\/wp-content\/uploads\/2024\/04\/Motogar.webp\" alt=\"Motogar\" class=\"wp-image-3076\" srcset=\"https:\/\/forum-mechaniczne.pl\/portal\/wp-content\/uploads\/2024\/04\/Motogar.webp 800w, https:\/\/forum-mechaniczne.pl\/portal\/wp-content\/uploads\/2024\/04\/Motogar-300x189.webp 300w, https:\/\/forum-mechaniczne.pl\/portal\/wp-content\/uploads\/2024\/04\/Motogar-768x484.webp 768w, https:\/\/forum-mechaniczne.pl\/portal\/wp-content\/uploads\/2024\/04\/Motogar-750x473.webp 750w\" sizes=\"auto, (max-width: 800px) 100vw, 800px\" \/><figcaption class=\"wp-element-caption\">Motogar<\/figcaption><\/figure>\n<\/div>","protected":false},"excerpt":{"rendered":"<p>O tym, \u017ce Motogar Polska ma w planach wej\u015b\u0107 w rynek oryginalnych cz\u0119\u015bci do quad\u00f3w, sp\u00f3\u0142ka zale\u017cna (Enduro7) informowa\u0142a w materia\u0142ach prasowych ju\u017c kilka miesi\u0119cy temu. W tej chwili poznali\u015bmy pierwsze szczeg\u00f3\u0142y. Ju\u017c w tej chwili Motogar wprowadzi\u0142 OEM&#8217;y dla marek ATV: Honda, Suzuki, Kawasaki i Yamaha. &#8211; Nad ofert\u0105 oryginalnych cz\u0119\u015bci do quad\u00f3w pracowali\u015bmy [&hellip;]<\/p>\n","protected":false},"author":2,"featured_media":3075,"comment_status":"open","ping_status":"open","sticky":false,"template":"","format":"standard","meta":{"footnotes":""},"categories":[11],"tags":[],"class_list":["post-3074","post","type-post","status-publish","format-standard","has-post-thumbnail","hentry","category-wiadomosci"],"yoast_head":"<!-- This site is optimized with the Yoast SEO plugin v27.5 - https:\/\/yoast.com\/product\/yoast-seo-wordpress\/ -->\n<title>Motogar Polska idzie w oryginalne cz\u0119\u015bci ATV<\/title>\n<meta name=\"description\" content=\"O tym, \u017ce Motogar Polska ma w planach wej\u015b\u0107 w rynek oryginalnych cz\u0119\u015bci do quad\u00f3w, sp\u00f3\u0142ka zale\u017cna (Enduro7) informowa\u0142a w...\" \/>\n<meta name=\"robots\" content=\"index, follow, max-snippet:-1, max-image-preview:large, max-video-preview:-1\" \/>\n<link rel=\"canonical\" href=\"https:\/\/forum-mechaniczne.pl\/portal\/motogar-polska-idzie-w-oryginalne-czesci-atv\/\" \/>\n<meta property=\"og:locale\" content=\"pl_PL\" \/>\n<meta property=\"og:type\" content=\"article\" \/>\n<meta property=\"og:title\" content=\"Motogar Polska idzie w oryginalne cz\u0119\u015bci ATV\" \/>\n<meta property=\"og:description\" content=\"O tym, \u017ce Motogar Polska ma w planach wej\u015b\u0107 w rynek oryginalnych cz\u0119\u015bci do quad\u00f3w, sp\u00f3\u0142ka zale\u017cna (Enduro7) informowa\u0142a w...\" \/>\n<meta property=\"og:url\" content=\"https:\/\/forum-mechaniczne.pl\/portal\/motogar-polska-idzie-w-oryginalne-czesci-atv\/\" \/>\n<meta property=\"og:site_name\" content=\"Portal mechaniczny - samochody, nowo\u015bci, mechanika pojazdowa\" \/>\n<meta property=\"article:published_time\" content=\"2025-05-01T10:33:14+00:00\" \/>\n<meta property=\"article:modified_time\" content=\"2025-05-01T10:33:15+00:00\" \/>\n<meta property=\"og:image\" content=\"https:\/\/forum-mechaniczne.pl\/portal\/wp-content\/uploads\/2024\/04\/Motogar-Polska-idzie-w-oryginalne-czesci-ATV.-Spolka-podala-wiecej-szczegolow.webp\" \/>\n\t<meta property=\"og:image:width\" content=\"800\" \/>\n\t<meta property=\"og:image:height\" content=\"533\" \/>\n\t<meta property=\"og:image:type\" content=\"image\/webp\" \/>\n<meta name=\"author\" content=\"Micha\u0142 Koz\u0142owski\" \/>\n<meta name=\"twitter:card\" content=\"summary_large_image\" \/>\n<meta name=\"twitter:label1\" content=\"Napisane przez\" \/>\n\t<meta name=\"twitter:data1\" content=\"Micha\u0142 Koz\u0142owski\" \/>\n\t<meta name=\"twitter:label2\" content=\"Szacowany czas czytania\" \/>\n\t<meta name=\"twitter:data2\" content=\"4 minuty\" \/>\n<script type=\"application\/ld+json\" class=\"yoast-schema-graph\">{\"@context\":\"https:\\\/\\\/schema.org\",\"@graph\":[{\"@type\":\"Article\",\"@id\":\"https:\\\/\\\/forum-mechaniczne.pl\\\/portal\\\/motogar-polska-idzie-w-oryginalne-czesci-atv\\\/#article\",\"isPartOf\":{\"@id\":\"https:\\\/\\\/forum-mechaniczne.pl\\\/portal\\\/motogar-polska-idzie-w-oryginalne-czesci-atv\\\/\"},\"author\":{\"name\":\"Micha\u0142 Koz\u0142owski\",\"@id\":\"https:\\\/\\\/forum-mechaniczne.pl\\\/portal\\\/#\\\/schema\\\/person\\\/4d0604b2ce30f2263d9eb737181228c5\"},\"headline\":\"Motogar Polska idzie w oryginalne cz\u0119\u015bci ATV. Sp\u00f3\u0142ka poda\u0142a wi\u0119cej szczeg\u00f3\u0142\u00f3w\",\"datePublished\":\"2025-05-01T10:33:14+00:00\",\"dateModified\":\"2025-05-01T10:33:15+00:00\",\"mainEntityOfPage\":{\"@id\":\"https:\\\/\\\/forum-mechaniczne.pl\\\/portal\\\/motogar-polska-idzie-w-oryginalne-czesci-atv\\\/\"},\"wordCount\":532,\"commentCount\":0,\"image\":{\"@id\":\"https:\\\/\\\/forum-mechaniczne.pl\\\/portal\\\/motogar-polska-idzie-w-oryginalne-czesci-atv\\\/#primaryimage\"},\"thumbnailUrl\":\"https:\\\/\\\/forum-mechaniczne.pl\\\/portal\\\/wp-content\\\/uploads\\\/2024\\\/04\\\/Motogar-Polska-idzie-w-oryginalne-czesci-ATV.-Spolka-podala-wiecej-szczegolow.webp\",\"articleSection\":[\"Wiadomo\u015bci\"],\"inLanguage\":\"pl-PL\",\"potentialAction\":[{\"@type\":\"CommentAction\",\"name\":\"Comment\",\"target\":[\"https:\\\/\\\/forum-mechaniczne.pl\\\/portal\\\/motogar-polska-idzie-w-oryginalne-czesci-atv\\\/#respond\"]}]},{\"@type\":\"WebPage\",\"@id\":\"https:\\\/\\\/forum-mechaniczne.pl\\\/portal\\\/motogar-polska-idzie-w-oryginalne-czesci-atv\\\/\",\"url\":\"https:\\\/\\\/forum-mechaniczne.pl\\\/portal\\\/motogar-polska-idzie-w-oryginalne-czesci-atv\\\/\",\"name\":\"Motogar Polska idzie w oryginalne cz\u0119\u015bci ATV\",\"isPartOf\":{\"@id\":\"https:\\\/\\\/forum-mechaniczne.pl\\\/portal\\\/#website\"},\"primaryImageOfPage\":{\"@id\":\"https:\\\/\\\/forum-mechaniczne.pl\\\/portal\\\/motogar-polska-idzie-w-oryginalne-czesci-atv\\\/#primaryimage\"},\"image\":{\"@id\":\"https:\\\/\\\/forum-mechaniczne.pl\\\/portal\\\/motogar-polska-idzie-w-oryginalne-czesci-atv\\\/#primaryimage\"},\"thumbnailUrl\":\"https:\\\/\\\/forum-mechaniczne.pl\\\/portal\\\/wp-content\\\/uploads\\\/2024\\\/04\\\/Motogar-Polska-idzie-w-oryginalne-czesci-ATV.-Spolka-podala-wiecej-szczegolow.webp\",\"datePublished\":\"2025-05-01T10:33:14+00:00\",\"dateModified\":\"2025-05-01T10:33:15+00:00\",\"author\":{\"@id\":\"https:\\\/\\\/forum-mechaniczne.pl\\\/portal\\\/#\\\/schema\\\/person\\\/4d0604b2ce30f2263d9eb737181228c5\"},\"description\":\"O tym, \u017ce Motogar Polska ma w planach wej\u015b\u0107 w rynek oryginalnych cz\u0119\u015bci do quad\u00f3w, sp\u00f3\u0142ka zale\u017cna (Enduro7) informowa\u0142a w...\",\"inLanguage\":\"pl-PL\",\"potentialAction\":[{\"@type\":\"ReadAction\",\"target\":[\"https:\\\/\\\/forum-mechaniczne.pl\\\/portal\\\/motogar-polska-idzie-w-oryginalne-czesci-atv\\\/\"]}]},{\"@type\":\"ImageObject\",\"inLanguage\":\"pl-PL\",\"@id\":\"https:\\\/\\\/forum-mechaniczne.pl\\\/portal\\\/motogar-polska-idzie-w-oryginalne-czesci-atv\\\/#primaryimage\",\"url\":\"https:\\\/\\\/forum-mechaniczne.pl\\\/portal\\\/wp-content\\\/uploads\\\/2024\\\/04\\\/Motogar-Polska-idzie-w-oryginalne-czesci-ATV.-Spolka-podala-wiecej-szczegolow.webp\",\"contentUrl\":\"https:\\\/\\\/forum-mechaniczne.pl\\\/portal\\\/wp-content\\\/uploads\\\/2024\\\/04\\\/Motogar-Polska-idzie-w-oryginalne-czesci-ATV.-Spolka-podala-wiecej-szczegolow.webp\",\"width\":800,\"height\":533,\"caption\":\"Motogar Polska idzie w oryginalne cz\u0119\u015bci ATV. Sp\u00f3\u0142ka poda\u0142a wi\u0119cej szczeg\u00f3\u0142\u00f3w\"},{\"@type\":\"WebSite\",\"@id\":\"https:\\\/\\\/forum-mechaniczne.pl\\\/portal\\\/#website\",\"url\":\"https:\\\/\\\/forum-mechaniczne.pl\\\/portal\\\/\",\"name\":\"Portal mechaniczny - samochody, nowo\u015bci, mechanika pojazdowa\",\"description\":\"Serdecznie zaprsazamy na nasz portal po\u015bwi\u0119cony mechanice samochodowej oraz motoryzacji i nasze forum: forum-mechaniczne.pl\",\"potentialAction\":[{\"@type\":\"SearchAction\",\"target\":{\"@type\":\"EntryPoint\",\"urlTemplate\":\"https:\\\/\\\/forum-mechaniczne.pl\\\/portal\\\/?s={search_term_string}\"},\"query-input\":{\"@type\":\"PropertyValueSpecification\",\"valueRequired\":true,\"valueName\":\"search_term_string\"}}],\"inLanguage\":\"pl-PL\"},{\"@type\":\"Person\",\"@id\":\"https:\\\/\\\/forum-mechaniczne.pl\\\/portal\\\/#\\\/schema\\\/person\\\/4d0604b2ce30f2263d9eb737181228c5\",\"name\":\"Micha\u0142 Koz\u0142owski\",\"image\":{\"@type\":\"ImageObject\",\"inLanguage\":\"pl-PL\",\"@id\":\"https:\\\/\\\/secure.gravatar.com\\\/avatar\\\/ad6cb87dd794de716b8cca0fea548826156a2715af0a35728d4a0581c6297b28?s=96&d=mm&r=g\",\"url\":\"https:\\\/\\\/secure.gravatar.com\\\/avatar\\\/ad6cb87dd794de716b8cca0fea548826156a2715af0a35728d4a0581c6297b28?s=96&d=mm&r=g\",\"contentUrl\":\"https:\\\/\\\/secure.gravatar.com\\\/avatar\\\/ad6cb87dd794de716b8cca0fea548826156a2715af0a35728d4a0581c6297b28?s=96&d=mm&r=g\",\"caption\":\"Micha\u0142 Koz\u0142owski\"},\"description\":\"Jestem Micha\u0142 Koz\u0142owski - autor portalu mechanicznego, moja pasja do mechaniki rozpocz\u0119\u0142a si\u0119 w m\u0142odym wieku, kiedy to pierwszy raz rozebra\u0142em stary zegar \u015bcienny moich dziadk\u00f3w. Od tamtego momentu, fascynacja tym, jak rzeczy dzia\u0142aj\u0105, sta\u0142a si\u0119 nieod\u0142\u0105czn\u0105 cz\u0119\u015bci\u0105 mojego \u017cycia. Uko\u0144czy\u0142em studia na kierunku in\u017cynieria mechaniczna, co pozwoli\u0142o mi pog\u0142\u0119bi\u0107 moj\u0105 wiedz\u0119 i zrozumienie zaawansowanych technologii. Po latach pracy w r\u00f3\u017cnych zak\u0142adach przemys\u0142owych, zdecydowa\u0142em si\u0119 podzieli\u0107 moj\u0105 pasj\u0105 i wiedz\u0105, tworz\u0105c portal mechaniczny. Specjalizuj\u0119 si\u0119 w nowoczesnych rozwi\u0105zaniach w dziedzinie mechaniki i dziel\u0119 si\u0119 z czytelnikami moimi do\u015bwiadczeniami zwi\u0105zanymi z naprawami, innowacjami oraz edukacj\u0105 mechaniczn\u0105. Mieszkanie i praca we Wroc\u0142awiu pozwoli\u0142y mi na nawi\u0105zanie wsp\u00f3\u0142pracy z wieloma ekspertami i entuzjastami mechaniki, co jeszcze bardziej wzbogaca tre\u015bci publikowane na moim portalu.\",\"url\":\"https:\\\/\\\/forum-mechaniczne.pl\\\/portal\\\/author\\\/michal\\\/\"}]}<\/script>\n<!-- \/ Yoast SEO plugin. -->","yoast_head_json":{"title":"Motogar Polska idzie w oryginalne cz\u0119\u015bci ATV","description":"O tym, \u017ce Motogar Polska ma w planach wej\u015b\u0107 w rynek oryginalnych cz\u0119\u015bci do quad\u00f3w, sp\u00f3\u0142ka zale\u017cna (Enduro7) informowa\u0142a w...","robots":{"index":"index","follow":"follow","max-snippet":"max-snippet:-1","max-image-preview":"max-image-preview:large","max-video-preview":"max-video-preview:-1"},"canonical":"https:\/\/forum-mechaniczne.pl\/portal\/motogar-polska-idzie-w-oryginalne-czesci-atv\/","og_locale":"pl_PL","og_type":"article","og_title":"Motogar Polska idzie w oryginalne cz\u0119\u015bci ATV","og_description":"O tym, \u017ce Motogar Polska ma w planach wej\u015b\u0107 w rynek oryginalnych cz\u0119\u015bci do quad\u00f3w, sp\u00f3\u0142ka zale\u017cna (Enduro7) informowa\u0142a w...","og_url":"https:\/\/forum-mechaniczne.pl\/portal\/motogar-polska-idzie-w-oryginalne-czesci-atv\/","og_site_name":"Portal mechaniczny - samochody, nowo\u015bci, mechanika pojazdowa","article_published_time":"2025-05-01T10:33:14+00:00","article_modified_time":"2025-05-01T10:33:15+00:00","og_image":[{"width":800,"height":533,"url":"https:\/\/forum-mechaniczne.pl\/portal\/wp-content\/uploads\/2024\/04\/Motogar-Polska-idzie-w-oryginalne-czesci-ATV.-Spolka-podala-wiecej-szczegolow.webp","type":"image\/webp"}],"author":"Micha\u0142 Koz\u0142owski","twitter_card":"summary_large_image","twitter_misc":{"Napisane przez":"Micha\u0142 Koz\u0142owski","Szacowany czas czytania":"4 minuty"},"schema":{"@context":"https:\/\/schema.org","@graph":[{"@type":"Article","@id":"https:\/\/forum-mechaniczne.pl\/portal\/motogar-polska-idzie-w-oryginalne-czesci-atv\/#article","isPartOf":{"@id":"https:\/\/forum-mechaniczne.pl\/portal\/motogar-polska-idzie-w-oryginalne-czesci-atv\/"},"author":{"name":"Micha\u0142 Koz\u0142owski","@id":"https:\/\/forum-mechaniczne.pl\/portal\/#\/schema\/person\/4d0604b2ce30f2263d9eb737181228c5"},"headline":"Motogar Polska idzie w oryginalne cz\u0119\u015bci ATV. Sp\u00f3\u0142ka poda\u0142a wi\u0119cej szczeg\u00f3\u0142\u00f3w","datePublished":"2025-05-01T10:33:14+00:00","dateModified":"2025-05-01T10:33:15+00:00","mainEntityOfPage":{"@id":"https:\/\/forum-mechaniczne.pl\/portal\/motogar-polska-idzie-w-oryginalne-czesci-atv\/"},"wordCount":532,"commentCount":0,"image":{"@id":"https:\/\/forum-mechaniczne.pl\/portal\/motogar-polska-idzie-w-oryginalne-czesci-atv\/#primaryimage"},"thumbnailUrl":"https:\/\/forum-mechaniczne.pl\/portal\/wp-content\/uploads\/2024\/04\/Motogar-Polska-idzie-w-oryginalne-czesci-ATV.-Spolka-podala-wiecej-szczegolow.webp","articleSection":["Wiadomo\u015bci"],"inLanguage":"pl-PL","potentialAction":[{"@type":"CommentAction","name":"Comment","target":["https:\/\/forum-mechaniczne.pl\/portal\/motogar-polska-idzie-w-oryginalne-czesci-atv\/#respond"]}]},{"@type":"WebPage","@id":"https:\/\/forum-mechaniczne.pl\/portal\/motogar-polska-idzie-w-oryginalne-czesci-atv\/","url":"https:\/\/forum-mechaniczne.pl\/portal\/motogar-polska-idzie-w-oryginalne-czesci-atv\/","name":"Motogar Polska idzie w oryginalne cz\u0119\u015bci ATV","isPartOf":{"@id":"https:\/\/forum-mechaniczne.pl\/portal\/#website"},"primaryImageOfPage":{"@id":"https:\/\/forum-mechaniczne.pl\/portal\/motogar-polska-idzie-w-oryginalne-czesci-atv\/#primaryimage"},"image":{"@id":"https:\/\/forum-mechaniczne.pl\/portal\/motogar-polska-idzie-w-oryginalne-czesci-atv\/#primaryimage"},"thumbnailUrl":"https:\/\/forum-mechaniczne.pl\/portal\/wp-content\/uploads\/2024\/04\/Motogar-Polska-idzie-w-oryginalne-czesci-ATV.-Spolka-podala-wiecej-szczegolow.webp","datePublished":"2025-05-01T10:33:14+00:00","dateModified":"2025-05-01T10:33:15+00:00","author":{"@id":"https:\/\/forum-mechaniczne.pl\/portal\/#\/schema\/person\/4d0604b2ce30f2263d9eb737181228c5"},"description":"O tym, \u017ce Motogar Polska ma w planach wej\u015b\u0107 w rynek oryginalnych cz\u0119\u015bci do quad\u00f3w, sp\u00f3\u0142ka zale\u017cna (Enduro7) informowa\u0142a w...","inLanguage":"pl-PL","potentialAction":[{"@type":"ReadAction","target":["https:\/\/forum-mechaniczne.pl\/portal\/motogar-polska-idzie-w-oryginalne-czesci-atv\/"]}]},{"@type":"ImageObject","inLanguage":"pl-PL","@id":"https:\/\/forum-mechaniczne.pl\/portal\/motogar-polska-idzie-w-oryginalne-czesci-atv\/#primaryimage","url":"https:\/\/forum-mechaniczne.pl\/portal\/wp-content\/uploads\/2024\/04\/Motogar-Polska-idzie-w-oryginalne-czesci-ATV.-Spolka-podala-wiecej-szczegolow.webp","contentUrl":"https:\/\/forum-mechaniczne.pl\/portal\/wp-content\/uploads\/2024\/04\/Motogar-Polska-idzie-w-oryginalne-czesci-ATV.-Spolka-podala-wiecej-szczegolow.webp","width":800,"height":533,"caption":"Motogar Polska idzie w oryginalne cz\u0119\u015bci ATV. Sp\u00f3\u0142ka poda\u0142a wi\u0119cej szczeg\u00f3\u0142\u00f3w"},{"@type":"WebSite","@id":"https:\/\/forum-mechaniczne.pl\/portal\/#website","url":"https:\/\/forum-mechaniczne.pl\/portal\/","name":"Portal mechaniczny - samochody, nowo\u015bci, mechanika pojazdowa","description":"Serdecznie zaprsazamy na nasz portal po\u015bwi\u0119cony mechanice samochodowej oraz motoryzacji i nasze forum: forum-mechaniczne.pl","potentialAction":[{"@type":"SearchAction","target":{"@type":"EntryPoint","urlTemplate":"https:\/\/forum-mechaniczne.pl\/portal\/?s={search_term_string}"},"query-input":{"@type":"PropertyValueSpecification","valueRequired":true,"valueName":"search_term_string"}}],"inLanguage":"pl-PL"},{"@type":"Person","@id":"https:\/\/forum-mechaniczne.pl\/portal\/#\/schema\/person\/4d0604b2ce30f2263d9eb737181228c5","name":"Micha\u0142 Koz\u0142owski","image":{"@type":"ImageObject","inLanguage":"pl-PL","@id":"https:\/\/secure.gravatar.com\/avatar\/ad6cb87dd794de716b8cca0fea548826156a2715af0a35728d4a0581c6297b28?s=96&d=mm&r=g","url":"https:\/\/secure.gravatar.com\/avatar\/ad6cb87dd794de716b8cca0fea548826156a2715af0a35728d4a0581c6297b28?s=96&d=mm&r=g","contentUrl":"https:\/\/secure.gravatar.com\/avatar\/ad6cb87dd794de716b8cca0fea548826156a2715af0a35728d4a0581c6297b28?s=96&d=mm&r=g","caption":"Micha\u0142 Koz\u0142owski"},"description":"Jestem Micha\u0142 Koz\u0142owski - autor portalu mechanicznego, moja pasja do mechaniki rozpocz\u0119\u0142a si\u0119 w m\u0142odym wieku, kiedy to pierwszy raz rozebra\u0142em stary zegar \u015bcienny moich dziadk\u00f3w. Od tamtego momentu, fascynacja tym, jak rzeczy dzia\u0142aj\u0105, sta\u0142a si\u0119 nieod\u0142\u0105czn\u0105 cz\u0119\u015bci\u0105 mojego \u017cycia. Uko\u0144czy\u0142em studia na kierunku in\u017cynieria mechaniczna, co pozwoli\u0142o mi pog\u0142\u0119bi\u0107 moj\u0105 wiedz\u0119 i zrozumienie zaawansowanych technologii. Po latach pracy w r\u00f3\u017cnych zak\u0142adach przemys\u0142owych, zdecydowa\u0142em si\u0119 podzieli\u0107 moj\u0105 pasj\u0105 i wiedz\u0105, tworz\u0105c portal mechaniczny. Specjalizuj\u0119 si\u0119 w nowoczesnych rozwi\u0105zaniach w dziedzinie mechaniki i dziel\u0119 si\u0119 z czytelnikami moimi do\u015bwiadczeniami zwi\u0105zanymi z naprawami, innowacjami oraz edukacj\u0105 mechaniczn\u0105. Mieszkanie i praca we Wroc\u0142awiu pozwoli\u0142y mi na nawi\u0105zanie wsp\u00f3\u0142pracy z wieloma ekspertami i entuzjastami mechaniki, co jeszcze bardziej wzbogaca tre\u015bci publikowane na moim portalu.","url":"https:\/\/forum-mechaniczne.pl\/portal\/author\/michal\/"}]}},"_links":{"self":[{"href":"https:\/\/forum-mechaniczne.pl\/portal\/wp-json\/wp\/v2\/posts\/3074","targetHints":{"allow":["GET"]}}],"collection":[{"href":"https:\/\/forum-mechaniczne.pl\/portal\/wp-json\/wp\/v2\/posts"}],"about":[{"href":"https:\/\/forum-mechaniczne.pl\/portal\/wp-json\/wp\/v2\/types\/post"}],"author":[{"embeddable":true,"href":"https:\/\/forum-mechaniczne.pl\/portal\/wp-json\/wp\/v2\/users\/2"}],"replies":[{"embeddable":true,"href":"https:\/\/forum-mechaniczne.pl\/portal\/wp-json\/wp\/v2\/comments?post=3074"}],"version-history":[{"count":2,"href":"https:\/\/forum-mechaniczne.pl\/portal\/wp-json\/wp\/v2\/posts\/3074\/revisions"}],"predecessor-version":[{"id":3779,"href":"https:\/\/forum-mechaniczne.pl\/portal\/wp-json\/wp\/v2\/posts\/3074\/revisions\/3779"}],"wp:featuredmedia":[{"embeddable":true,"href":"https:\/\/forum-mechaniczne.pl\/portal\/wp-json\/wp\/v2\/media\/3075"}],"wp:attachment":[{"href":"https:\/\/forum-mechaniczne.pl\/portal\/wp-json\/wp\/v2\/media?parent=3074"}],"wp:term":[{"taxonomy":"category","embeddable":true,"href":"https:\/\/forum-mechaniczne.pl\/portal\/wp-json\/wp\/v2\/categories?post=3074"},{"taxonomy":"post_tag","embeddable":true,"href":"https:\/\/forum-mechaniczne.pl\/portal\/wp-json\/wp\/v2\/tags?post=3074"}],"curies":[{"name":"wp","href":"https:\/\/api.w.org\/{rel}","templated":true}]}}