{"id":1740,"date":"2022-11-21T13:15:16","date_gmt":"2022-11-21T12:15:16","guid":{"rendered":"https:\/\/forum-mechaniczne.pl\/portal\/?p=1740"},"modified":"2022-11-21T13:15:16","modified_gmt":"2022-11-21T12:15:16","slug":"amg-aufrecht-melcher-grosaspach","status":"publish","type":"post","link":"https:\/\/forum-mechaniczne.pl\/portal\/amg-aufrecht-melcher-grosaspach\/","title":{"rendered":"AMG &#8211; Aufrecht Melcher Gro\u00dfaspach &#8211; czym jest?"},"content":{"rendered":"\n<p><strong>AMG<\/strong> to jedna z najbardziej renomowanych marek samochodowych na \u015bwiecie i jej modele s\u0105 cenione przez klient\u00f3w na ca\u0142ym \u015bwiecie. Dowiedz si\u0119 o niej wi\u0119cej!<\/p>\n\n\n\n<div id=\"ez-toc-container\" class=\"ez-toc-v2_0_82_2 counter-hierarchy ez-toc-counter ez-toc-custom ez-toc-container-direction\">\n<div class=\"ez-toc-title-container\">\n<p class=\"ez-toc-title\" style=\"cursor:inherit\">Spis tre\u015bci:<\/p>\n<span class=\"ez-toc-title-toggle\"><a href=\"#\" class=\"ez-toc-pull-right ez-toc-btn ez-toc-btn-xs ez-toc-btn-default ez-toc-toggle\" aria-label=\"Prze\u0142\u0105cznik Spisu Tre\u015bci\"><span class=\"ez-toc-js-icon-con\"><span class=\"\"><span class=\"eztoc-hide\" style=\"display:none;\">Toggle<\/span><span class=\"ez-toc-icon-toggle-span\"><svg style=\"fill: #999;color:#999\" xmlns=\"http:\/\/www.w3.org\/2000\/svg\" class=\"list-377408\" width=\"20px\" height=\"20px\" viewBox=\"0 0 24 24\" fill=\"none\"><path d=\"M6 6H4v2h2V6zm14 0H8v2h12V6zM4 11h2v2H4v-2zm16 0H8v2h12v-2zM4 16h2v2H4v-2zm16 0H8v2h12v-2z\" fill=\"currentColor\"><\/path><\/svg><svg style=\"fill: #999;color:#999\" class=\"arrow-unsorted-368013\" xmlns=\"http:\/\/www.w3.org\/2000\/svg\" width=\"10px\" height=\"10px\" viewBox=\"0 0 24 24\" version=\"1.2\" baseProfile=\"tiny\"><path d=\"M18.2 9.3l-6.2-6.3-6.2 6.3c-.2.2-.3.4-.3.7s.1.5.3.7c.2.2.4.3.7.3h11c.3 0 .5-.1.7-.3.2-.2.3-.5.3-.7s-.1-.5-.3-.7zM5.8 14.7l6.2 6.3 6.2-6.3c.2-.2.3-.5.3-.7s-.1-.5-.3-.7c-.2-.2-.4-.3-.7-.3h-11c-.3 0-.5.1-.7.3-.2.2-.3.5-.3.7s.1.5.3.7z\"\/><\/svg><\/span><\/span><\/span><\/a><\/span><\/div>\n<nav><ul class='ez-toc-list ez-toc-list-level-1 ' ><li class='ez-toc-page-1 ez-toc-heading-level-2'><a class=\"ez-toc-link ez-toc-heading-1\" href=\"https:\/\/forum-mechaniczne.pl\/portal\/amg-aufrecht-melcher-grosaspach\/#Czym_jest_AMG_%E2%80%93_Aufrecht_Melcher_Grosaspach_Definicja_pojecia\" >Czym jest AMG &#8211; Aufrecht Melcher Gro\u00dfaspach? Definicja poj\u0119cia<\/a><\/li><li class='ez-toc-page-1 ez-toc-heading-level-2'><a class=\"ez-toc-link ez-toc-heading-2\" href=\"https:\/\/forum-mechaniczne.pl\/portal\/amg-aufrecht-melcher-grosaspach\/#AMG_%E2%80%93_aspekty_historyczne\" >AMG &#8211; aspekty historyczne<\/a><\/li><li class='ez-toc-page-1 ez-toc-heading-level-2'><a class=\"ez-toc-link ez-toc-heading-3\" href=\"https:\/\/forum-mechaniczne.pl\/portal\/amg-aufrecht-melcher-grosaspach\/#Czym_rozni_sie_Mercedes_AMG_od_zwyklego\" >Czym r\u00f3\u017cni si\u0119 Mercedes AMG od zwyk\u0142ego?<\/a><\/li><\/ul><\/nav><\/div>\n<h2 class=\"wp-block-heading\"><span class=\"ez-toc-section\" id=\"Czym_jest_AMG_%E2%80%93_Aufrecht_Melcher_Grosaspach_Definicja_pojecia\"><\/span>Czym jest AMG &#8211; Aufrecht Melcher Gro\u00dfaspach? Definicja poj\u0119cia<span class=\"ez-toc-section-end\"><\/span><\/h2>\n\n\n\n<p><strong>AMG &#8211; Aufrecht Melcher Gro\u00dfaspach<\/strong> to niemiecka firma produkuj\u0105ca samochody sportowe i uznawana jest za jedn\u0105 z najlepszych na \u015bwiecie. Jej historia si\u0119ga 1967 roku, kiedy to dwaj przyjaciele, Hans-Werner Aufrecht i Erhard Melcher, za\u0142o\u017cyli j\u0105 w miejscowo\u015bci Gro\u00dfaspach. Nazwa firmy pochodzi od pierwszych liter nazwisk jej za\u0142o\u017cycieli.<\/p>\n\n\n\n<p>AMG oferuje modele takich marek jak Mercedes-Benz, Mercedes-AMG, Mercedes-Maybach i Mercedes-EQ. Wszystkie modele AMG s\u0105 wyj\u0105tkowe i \u0142\u0105cz\u0105 w sobie perfekcj\u0119 techniczn\u0105, wyj\u0105tkowe wzornictwo i niezr\u00f3wnan\u0105 jako\u015b\u0107.<\/p>\n\n\n\n<p>Najnowszym modelem AMG jest Mercedes-AMG GT Black Series, kt\u00f3ry jest uznawany za jeden z najlepszych samochod\u00f3w sportowych na \u015bwiecie. Auto jest nap\u0119dzane silnikiem V8 o pojemno\u015bci 4 litr\u00f3w, kt\u00f3ry generuje moc a\u017c 720 KM. Dzi\u0119ki temu samoch\u00f3d mo\u017ce rozp\u0119dzi\u0107 si\u0119 do 100 km\/h w zaledwie 3,2 sekundy, a jego maksymalna pr\u0119dko\u015b\u0107 to 340 km\/h.<\/p>\n\n\n\n<h2 class=\"wp-block-heading\"><span class=\"ez-toc-section\" id=\"AMG_%E2%80%93_aspekty_historyczne\"><\/span>AMG &#8211; aspekty historyczne<span class=\"ez-toc-section-end\"><\/span><\/h2>\n\n\n\n<p>Firma zosta\u0142a za\u0142o\u017cona w 1967 roku jako Aufrecht Melcher Gro\u00dfaspach, przez Ernesta Melchera i Hanse Aufrechta, w ma\u0142ym miasteczku Gro\u00dfaspach. Pocz\u0105tkowo zajmowa\u0142a si\u0119 tuningiem i napraw\u0105 samochod\u00f3w marki Mercedes-Benz, a tak\u017ce produkcj\u0105 cz\u0119\u015bci zamiennych. W 1968 roku firma przenios\u0142a si\u0119 do Affalterbach, gdzie do dzi\u015b ma swoj\u0105 siedzib\u0119.<\/p>\n\n\n\n<p>W 1971 roku do\u0142\u0105czy\u0142 do nich Erhard Melcher, brat Ernesta. W tym samym roku firma rozpocz\u0119\u0142a produkcj\u0119 swojego pierwszego samochodu, modele 300 SEL 6.3. Samoch\u00f3d by\u0142 bardzo szybki i luksusowy, a jego cena by\u0142a bardzo wysoka. Wkr\u00f3tce samochody AMG zyska\u0142y du\u017c\u0105 popularno\u015b\u0107 w\u015br\u00f3d mi\u0142o\u015bnik\u00f3w szybkich samochod\u00f3w.<\/p>\n\n\n\n<p>W 1976 roku firma rozpocz\u0119\u0142a wsp\u00f3\u0142prac\u0119 z firm\u0105 Mercedes-Benz, dostarczaj\u0105c im cz\u0119\u015bci do samochod\u00f3w sportowych. W tym samym roku powsta\u0142 model 450 SLC 5.0, kt\u00f3ry by\u0142 bardzo szybki i zdoby\u0142 wiele nagr\u00f3d.<\/p>\n\n\n\n<p>W 1993 roku firma zosta\u0142a sprzedana przez swoich za\u0142o\u017cycieli niemieckiej firmie Daimler-Benz. Od tego czasu produkuje ona samochody wy\u0142\u0105cznie dla marki Mercedes-Benz. W tym czasie powsta\u0142y takie modele jak Mercedes-Benz CLK GTR, Mercedes-Benz SLR McLaren i wiele innych.<\/p>\n\n\n\n<iframe loading=\"lazy\" width=\"680\" height=\"382\" src=\"https:\/\/www.youtube.com\/embed\/8oqFjWbStxE\" title=\"YouTube video player\" frameborder=\"0\" allow=\"accelerometer; autoplay; clipboard-write; encrypted-media; gyroscope; picture-in-picture\" allowfullscreen=\"\"><\/iframe>\n\n\n\n<h2 class=\"wp-block-heading\"><span class=\"ez-toc-section\" id=\"Czym_rozni_sie_Mercedes_AMG_od_zwyklego\"><\/span>Czym r\u00f3\u017cni si\u0119 Mercedes AMG od zwyk\u0142ego?<span class=\"ez-toc-section-end\"><\/span><\/h2>\n\n\n\n<p>Je\u015bli kto\u015b jest mi\u0142o\u015bnikiem luksusowych samochod\u00f3w, na pewno s\u0142ysza\u0142 o marce Mercedes. Jest to jedna z najbardziej presti\u017cowych marek na \u015bwiecie. W ofercie Mercedesa znajduje si\u0119 wiele modeli, ale tylko niekt\u00f3re s\u0105 oznaczone jako AMG. Czym w takim razie r\u00f3\u017cni si\u0119 Mercedes AMG od zwyk\u0142ego?<\/p>\n\n\n\n<p>Przede wszystkim, Mercedes AMG to samochody sportowe, kt\u00f3re charakteryzuj\u0105 si\u0119 wi\u0119ksz\u0105 moc\u0105 i lepszymi osi\u0105gami. S\u0105 one tak\u017ce bardziej luksusowe i bardziej dopracowane ni\u017c zwyk\u0142e modele. Wszystko to sprawia, \u017ce Mercedes AMG jest bardziej presti\u017cowy i dro\u017cszy.<\/p>\n\n\n\n<p>Je\u015bli kto\u015b szuka samochodu luksusowego i sportowego, to na pewno powinien rozwa\u017cy\u0107 zakup Mercedesa AMG. B\u0119dzie to inwestycja, kt\u00f3ra na pewno si\u0119 op\u0142aci.<\/p>\n","protected":false},"excerpt":{"rendered":"<p>AMG to jedna z najbardziej renomowanych marek samochodowych na \u015bwiecie i jej modele s\u0105 cenione przez klient\u00f3w na ca\u0142ym \u015bwiecie. Dowiedz si\u0119 o niej wi\u0119cej! Czym jest AMG &#8211; Aufrecht Melcher Gro\u00dfaspach? Definicja poj\u0119cia AMG &#8211; Aufrecht Melcher Gro\u00dfaspach to niemiecka firma produkuj\u0105ca samochody sportowe i uznawana jest za jedn\u0105 z najlepszych na \u015bwiecie. Jej [&hellip;]<\/p>\n","protected":false},"author":2,"featured_media":1741,"comment_status":"open","ping_status":"open","sticky":false,"template":"","format":"standard","meta":{"footnotes":""},"categories":[4],"tags":[],"class_list":["post-1740","post","type-post","status-publish","format-standard","has-post-thumbnail","hentry","category-poradniki"],"yoast_head":"<!-- This site is optimized with the Yoast SEO plugin v27.5 - https:\/\/yoast.com\/product\/yoast-seo-wordpress\/ -->\n<title>AMG - Aufrecht Melcher Gro\u00dfaspach - czym jest?<\/title>\n<meta name=\"description\" content=\"Chcia\u0142by\u015b dowiedzie\u0107 si\u0119 czym jest AMG - Aufrecht Melcher Gro\u00dfaspach? Definicja poj\u0119cia, historia. Koniecznie sprawd\u017a ten artyku\u0142!\" \/>\n<meta name=\"robots\" content=\"index, follow, max-snippet:-1, max-image-preview:large, max-video-preview:-1\" \/>\n<link rel=\"canonical\" href=\"https:\/\/forum-mechaniczne.pl\/portal\/amg-aufrecht-melcher-grosaspach\/\" \/>\n<meta property=\"og:locale\" content=\"pl_PL\" \/>\n<meta property=\"og:type\" content=\"article\" \/>\n<meta property=\"og:title\" content=\"AMG - Aufrecht Melcher Gro\u00dfaspach - czym jest?\" \/>\n<meta property=\"og:description\" content=\"Chcia\u0142by\u015b dowiedzie\u0107 si\u0119 czym jest AMG - Aufrecht Melcher Gro\u00dfaspach? Definicja poj\u0119cia, historia. Koniecznie sprawd\u017a ten artyku\u0142!\" \/>\n<meta property=\"og:url\" content=\"https:\/\/forum-mechaniczne.pl\/portal\/amg-aufrecht-melcher-grosaspach\/\" \/>\n<meta property=\"og:site_name\" content=\"Portal mechaniczny - samochody, nowo\u015bci, mechanika pojazdowa\" \/>\n<meta property=\"article:published_time\" content=\"2022-11-21T12:15:16+00:00\" \/>\n<meta property=\"og:image\" content=\"https:\/\/forum-mechaniczne.pl\/portal\/wp-content\/uploads\/2022\/11\/AMG-Aufrecht-Melcher-Grosaspach.jpg\" \/>\n\t<meta property=\"og:image:width\" content=\"800\" \/>\n\t<meta property=\"og:image:height\" content=\"519\" \/>\n\t<meta property=\"og:image:type\" content=\"image\/jpeg\" \/>\n<meta name=\"author\" content=\"Micha\u0142 Koz\u0142owski\" \/>\n<meta name=\"twitter:card\" content=\"summary_large_image\" \/>\n<meta name=\"twitter:label1\" content=\"Napisane przez\" \/>\n\t<meta name=\"twitter:data1\" content=\"Micha\u0142 Koz\u0142owski\" \/>\n\t<meta name=\"twitter:label2\" content=\"Szacowany czas czytania\" \/>\n\t<meta name=\"twitter:data2\" content=\"3 minuty\" \/>\n<script type=\"application\/ld+json\" class=\"yoast-schema-graph\">{\"@context\":\"https:\\\/\\\/schema.org\",\"@graph\":[{\"@type\":\"Article\",\"@id\":\"https:\\\/\\\/forum-mechaniczne.pl\\\/portal\\\/amg-aufrecht-melcher-grosaspach\\\/#article\",\"isPartOf\":{\"@id\":\"https:\\\/\\\/forum-mechaniczne.pl\\\/portal\\\/amg-aufrecht-melcher-grosaspach\\\/\"},\"author\":{\"name\":\"Micha\u0142 Koz\u0142owski\",\"@id\":\"https:\\\/\\\/forum-mechaniczne.pl\\\/portal\\\/#\\\/schema\\\/person\\\/4d0604b2ce30f2263d9eb737181228c5\"},\"headline\":\"AMG &#8211; Aufrecht Melcher Gro\u00dfaspach &#8211; czym jest?\",\"datePublished\":\"2022-11-21T12:15:16+00:00\",\"mainEntityOfPage\":{\"@id\":\"https:\\\/\\\/forum-mechaniczne.pl\\\/portal\\\/amg-aufrecht-melcher-grosaspach\\\/\"},\"wordCount\":526,\"commentCount\":0,\"image\":{\"@id\":\"https:\\\/\\\/forum-mechaniczne.pl\\\/portal\\\/amg-aufrecht-melcher-grosaspach\\\/#primaryimage\"},\"thumbnailUrl\":\"https:\\\/\\\/forum-mechaniczne.pl\\\/portal\\\/wp-content\\\/uploads\\\/2022\\\/11\\\/AMG-Aufrecht-Melcher-Grosaspach.jpg\",\"articleSection\":[\"Poradniki\"],\"inLanguage\":\"pl-PL\",\"potentialAction\":[{\"@type\":\"CommentAction\",\"name\":\"Comment\",\"target\":[\"https:\\\/\\\/forum-mechaniczne.pl\\\/portal\\\/amg-aufrecht-melcher-grosaspach\\\/#respond\"]}]},{\"@type\":\"WebPage\",\"@id\":\"https:\\\/\\\/forum-mechaniczne.pl\\\/portal\\\/amg-aufrecht-melcher-grosaspach\\\/\",\"url\":\"https:\\\/\\\/forum-mechaniczne.pl\\\/portal\\\/amg-aufrecht-melcher-grosaspach\\\/\",\"name\":\"AMG - Aufrecht Melcher Gro\u00dfaspach - czym jest?\",\"isPartOf\":{\"@id\":\"https:\\\/\\\/forum-mechaniczne.pl\\\/portal\\\/#website\"},\"primaryImageOfPage\":{\"@id\":\"https:\\\/\\\/forum-mechaniczne.pl\\\/portal\\\/amg-aufrecht-melcher-grosaspach\\\/#primaryimage\"},\"image\":{\"@id\":\"https:\\\/\\\/forum-mechaniczne.pl\\\/portal\\\/amg-aufrecht-melcher-grosaspach\\\/#primaryimage\"},\"thumbnailUrl\":\"https:\\\/\\\/forum-mechaniczne.pl\\\/portal\\\/wp-content\\\/uploads\\\/2022\\\/11\\\/AMG-Aufrecht-Melcher-Grosaspach.jpg\",\"datePublished\":\"2022-11-21T12:15:16+00:00\",\"author\":{\"@id\":\"https:\\\/\\\/forum-mechaniczne.pl\\\/portal\\\/#\\\/schema\\\/person\\\/4d0604b2ce30f2263d9eb737181228c5\"},\"description\":\"Chcia\u0142by\u015b dowiedzie\u0107 si\u0119 czym jest AMG - Aufrecht Melcher Gro\u00dfaspach? Definicja poj\u0119cia, historia. Koniecznie sprawd\u017a ten artyku\u0142!\",\"inLanguage\":\"pl-PL\",\"potentialAction\":[{\"@type\":\"ReadAction\",\"target\":[\"https:\\\/\\\/forum-mechaniczne.pl\\\/portal\\\/amg-aufrecht-melcher-grosaspach\\\/\"]}]},{\"@type\":\"ImageObject\",\"inLanguage\":\"pl-PL\",\"@id\":\"https:\\\/\\\/forum-mechaniczne.pl\\\/portal\\\/amg-aufrecht-melcher-grosaspach\\\/#primaryimage\",\"url\":\"https:\\\/\\\/forum-mechaniczne.pl\\\/portal\\\/wp-content\\\/uploads\\\/2022\\\/11\\\/AMG-Aufrecht-Melcher-Grosaspach.jpg\",\"contentUrl\":\"https:\\\/\\\/forum-mechaniczne.pl\\\/portal\\\/wp-content\\\/uploads\\\/2022\\\/11\\\/AMG-Aufrecht-Melcher-Grosaspach.jpg\",\"width\":800,\"height\":519,\"caption\":\"AMG - Aufrecht Melcher Gro\u00dfaspach - czym jest? Zdj\u0119cie - pixabay.com\"},{\"@type\":\"WebSite\",\"@id\":\"https:\\\/\\\/forum-mechaniczne.pl\\\/portal\\\/#website\",\"url\":\"https:\\\/\\\/forum-mechaniczne.pl\\\/portal\\\/\",\"name\":\"Portal mechaniczny - samochody, nowo\u015bci, mechanika pojazdowa\",\"description\":\"Serdecznie zaprsazamy na nasz portal po\u015bwi\u0119cony mechanice samochodowej oraz motoryzacji i nasze forum: forum-mechaniczne.pl\",\"potentialAction\":[{\"@type\":\"SearchAction\",\"target\":{\"@type\":\"EntryPoint\",\"urlTemplate\":\"https:\\\/\\\/forum-mechaniczne.pl\\\/portal\\\/?s={search_term_string}\"},\"query-input\":{\"@type\":\"PropertyValueSpecification\",\"valueRequired\":true,\"valueName\":\"search_term_string\"}}],\"inLanguage\":\"pl-PL\"},{\"@type\":\"Person\",\"@id\":\"https:\\\/\\\/forum-mechaniczne.pl\\\/portal\\\/#\\\/schema\\\/person\\\/4d0604b2ce30f2263d9eb737181228c5\",\"name\":\"Micha\u0142 Koz\u0142owski\",\"image\":{\"@type\":\"ImageObject\",\"inLanguage\":\"pl-PL\",\"@id\":\"https:\\\/\\\/secure.gravatar.com\\\/avatar\\\/ad6cb87dd794de716b8cca0fea548826156a2715af0a35728d4a0581c6297b28?s=96&d=mm&r=g\",\"url\":\"https:\\\/\\\/secure.gravatar.com\\\/avatar\\\/ad6cb87dd794de716b8cca0fea548826156a2715af0a35728d4a0581c6297b28?s=96&d=mm&r=g\",\"contentUrl\":\"https:\\\/\\\/secure.gravatar.com\\\/avatar\\\/ad6cb87dd794de716b8cca0fea548826156a2715af0a35728d4a0581c6297b28?s=96&d=mm&r=g\",\"caption\":\"Micha\u0142 Koz\u0142owski\"},\"description\":\"Jestem Micha\u0142 Koz\u0142owski - autor portalu mechanicznego, moja pasja do mechaniki rozpocz\u0119\u0142a si\u0119 w m\u0142odym wieku, kiedy to pierwszy raz rozebra\u0142em stary zegar \u015bcienny moich dziadk\u00f3w. Od tamtego momentu, fascynacja tym, jak rzeczy dzia\u0142aj\u0105, sta\u0142a si\u0119 nieod\u0142\u0105czn\u0105 cz\u0119\u015bci\u0105 mojego \u017cycia. Uko\u0144czy\u0142em studia na kierunku in\u017cynieria mechaniczna, co pozwoli\u0142o mi pog\u0142\u0119bi\u0107 moj\u0105 wiedz\u0119 i zrozumienie zaawansowanych technologii. Po latach pracy w r\u00f3\u017cnych zak\u0142adach przemys\u0142owych, zdecydowa\u0142em si\u0119 podzieli\u0107 moj\u0105 pasj\u0105 i wiedz\u0105, tworz\u0105c portal mechaniczny. Specjalizuj\u0119 si\u0119 w nowoczesnych rozwi\u0105zaniach w dziedzinie mechaniki i dziel\u0119 si\u0119 z czytelnikami moimi do\u015bwiadczeniami zwi\u0105zanymi z naprawami, innowacjami oraz edukacj\u0105 mechaniczn\u0105. Mieszkanie i praca we Wroc\u0142awiu pozwoli\u0142y mi na nawi\u0105zanie wsp\u00f3\u0142pracy z wieloma ekspertami i entuzjastami mechaniki, co jeszcze bardziej wzbogaca tre\u015bci publikowane na moim portalu.\",\"url\":\"https:\\\/\\\/forum-mechaniczne.pl\\\/portal\\\/author\\\/michal\\\/\"}]}<\/script>\n<!-- \/ Yoast SEO plugin. -->","yoast_head_json":{"title":"AMG - Aufrecht Melcher Gro\u00dfaspach - czym jest?","description":"Chcia\u0142by\u015b dowiedzie\u0107 si\u0119 czym jest AMG - Aufrecht Melcher Gro\u00dfaspach? Definicja poj\u0119cia, historia. Koniecznie sprawd\u017a ten artyku\u0142!","robots":{"index":"index","follow":"follow","max-snippet":"max-snippet:-1","max-image-preview":"max-image-preview:large","max-video-preview":"max-video-preview:-1"},"canonical":"https:\/\/forum-mechaniczne.pl\/portal\/amg-aufrecht-melcher-grosaspach\/","og_locale":"pl_PL","og_type":"article","og_title":"AMG - Aufrecht Melcher Gro\u00dfaspach - czym jest?","og_description":"Chcia\u0142by\u015b dowiedzie\u0107 si\u0119 czym jest AMG - Aufrecht Melcher Gro\u00dfaspach? Definicja poj\u0119cia, historia. Koniecznie sprawd\u017a ten artyku\u0142!","og_url":"https:\/\/forum-mechaniczne.pl\/portal\/amg-aufrecht-melcher-grosaspach\/","og_site_name":"Portal mechaniczny - samochody, nowo\u015bci, mechanika pojazdowa","article_published_time":"2022-11-21T12:15:16+00:00","og_image":[{"width":800,"height":519,"url":"https:\/\/forum-mechaniczne.pl\/portal\/wp-content\/uploads\/2022\/11\/AMG-Aufrecht-Melcher-Grosaspach.jpg","type":"image\/jpeg"}],"author":"Micha\u0142 Koz\u0142owski","twitter_card":"summary_large_image","twitter_misc":{"Napisane przez":"Micha\u0142 Koz\u0142owski","Szacowany czas czytania":"3 minuty"},"schema":{"@context":"https:\/\/schema.org","@graph":[{"@type":"Article","@id":"https:\/\/forum-mechaniczne.pl\/portal\/amg-aufrecht-melcher-grosaspach\/#article","isPartOf":{"@id":"https:\/\/forum-mechaniczne.pl\/portal\/amg-aufrecht-melcher-grosaspach\/"},"author":{"name":"Micha\u0142 Koz\u0142owski","@id":"https:\/\/forum-mechaniczne.pl\/portal\/#\/schema\/person\/4d0604b2ce30f2263d9eb737181228c5"},"headline":"AMG &#8211; Aufrecht Melcher Gro\u00dfaspach &#8211; czym jest?","datePublished":"2022-11-21T12:15:16+00:00","mainEntityOfPage":{"@id":"https:\/\/forum-mechaniczne.pl\/portal\/amg-aufrecht-melcher-grosaspach\/"},"wordCount":526,"commentCount":0,"image":{"@id":"https:\/\/forum-mechaniczne.pl\/portal\/amg-aufrecht-melcher-grosaspach\/#primaryimage"},"thumbnailUrl":"https:\/\/forum-mechaniczne.pl\/portal\/wp-content\/uploads\/2022\/11\/AMG-Aufrecht-Melcher-Grosaspach.jpg","articleSection":["Poradniki"],"inLanguage":"pl-PL","potentialAction":[{"@type":"CommentAction","name":"Comment","target":["https:\/\/forum-mechaniczne.pl\/portal\/amg-aufrecht-melcher-grosaspach\/#respond"]}]},{"@type":"WebPage","@id":"https:\/\/forum-mechaniczne.pl\/portal\/amg-aufrecht-melcher-grosaspach\/","url":"https:\/\/forum-mechaniczne.pl\/portal\/amg-aufrecht-melcher-grosaspach\/","name":"AMG - Aufrecht Melcher Gro\u00dfaspach - czym jest?","isPartOf":{"@id":"https:\/\/forum-mechaniczne.pl\/portal\/#website"},"primaryImageOfPage":{"@id":"https:\/\/forum-mechaniczne.pl\/portal\/amg-aufrecht-melcher-grosaspach\/#primaryimage"},"image":{"@id":"https:\/\/forum-mechaniczne.pl\/portal\/amg-aufrecht-melcher-grosaspach\/#primaryimage"},"thumbnailUrl":"https:\/\/forum-mechaniczne.pl\/portal\/wp-content\/uploads\/2022\/11\/AMG-Aufrecht-Melcher-Grosaspach.jpg","datePublished":"2022-11-21T12:15:16+00:00","author":{"@id":"https:\/\/forum-mechaniczne.pl\/portal\/#\/schema\/person\/4d0604b2ce30f2263d9eb737181228c5"},"description":"Chcia\u0142by\u015b dowiedzie\u0107 si\u0119 czym jest AMG - Aufrecht Melcher Gro\u00dfaspach? Definicja poj\u0119cia, historia. Koniecznie sprawd\u017a ten artyku\u0142!","inLanguage":"pl-PL","potentialAction":[{"@type":"ReadAction","target":["https:\/\/forum-mechaniczne.pl\/portal\/amg-aufrecht-melcher-grosaspach\/"]}]},{"@type":"ImageObject","inLanguage":"pl-PL","@id":"https:\/\/forum-mechaniczne.pl\/portal\/amg-aufrecht-melcher-grosaspach\/#primaryimage","url":"https:\/\/forum-mechaniczne.pl\/portal\/wp-content\/uploads\/2022\/11\/AMG-Aufrecht-Melcher-Grosaspach.jpg","contentUrl":"https:\/\/forum-mechaniczne.pl\/portal\/wp-content\/uploads\/2022\/11\/AMG-Aufrecht-Melcher-Grosaspach.jpg","width":800,"height":519,"caption":"AMG - Aufrecht Melcher Gro\u00dfaspach - czym jest? Zdj\u0119cie - pixabay.com"},{"@type":"WebSite","@id":"https:\/\/forum-mechaniczne.pl\/portal\/#website","url":"https:\/\/forum-mechaniczne.pl\/portal\/","name":"Portal mechaniczny - samochody, nowo\u015bci, mechanika pojazdowa","description":"Serdecznie zaprsazamy na nasz portal po\u015bwi\u0119cony mechanice samochodowej oraz motoryzacji i nasze forum: forum-mechaniczne.pl","potentialAction":[{"@type":"SearchAction","target":{"@type":"EntryPoint","urlTemplate":"https:\/\/forum-mechaniczne.pl\/portal\/?s={search_term_string}"},"query-input":{"@type":"PropertyValueSpecification","valueRequired":true,"valueName":"search_term_string"}}],"inLanguage":"pl-PL"},{"@type":"Person","@id":"https:\/\/forum-mechaniczne.pl\/portal\/#\/schema\/person\/4d0604b2ce30f2263d9eb737181228c5","name":"Micha\u0142 Koz\u0142owski","image":{"@type":"ImageObject","inLanguage":"pl-PL","@id":"https:\/\/secure.gravatar.com\/avatar\/ad6cb87dd794de716b8cca0fea548826156a2715af0a35728d4a0581c6297b28?s=96&d=mm&r=g","url":"https:\/\/secure.gravatar.com\/avatar\/ad6cb87dd794de716b8cca0fea548826156a2715af0a35728d4a0581c6297b28?s=96&d=mm&r=g","contentUrl":"https:\/\/secure.gravatar.com\/avatar\/ad6cb87dd794de716b8cca0fea548826156a2715af0a35728d4a0581c6297b28?s=96&d=mm&r=g","caption":"Micha\u0142 Koz\u0142owski"},"description":"Jestem Micha\u0142 Koz\u0142owski - autor portalu mechanicznego, moja pasja do mechaniki rozpocz\u0119\u0142a si\u0119 w m\u0142odym wieku, kiedy to pierwszy raz rozebra\u0142em stary zegar \u015bcienny moich dziadk\u00f3w. Od tamtego momentu, fascynacja tym, jak rzeczy dzia\u0142aj\u0105, sta\u0142a si\u0119 nieod\u0142\u0105czn\u0105 cz\u0119\u015bci\u0105 mojego \u017cycia. Uko\u0144czy\u0142em studia na kierunku in\u017cynieria mechaniczna, co pozwoli\u0142o mi pog\u0142\u0119bi\u0107 moj\u0105 wiedz\u0119 i zrozumienie zaawansowanych technologii. Po latach pracy w r\u00f3\u017cnych zak\u0142adach przemys\u0142owych, zdecydowa\u0142em si\u0119 podzieli\u0107 moj\u0105 pasj\u0105 i wiedz\u0105, tworz\u0105c portal mechaniczny. Specjalizuj\u0119 si\u0119 w nowoczesnych rozwi\u0105zaniach w dziedzinie mechaniki i dziel\u0119 si\u0119 z czytelnikami moimi do\u015bwiadczeniami zwi\u0105zanymi z naprawami, innowacjami oraz edukacj\u0105 mechaniczn\u0105. Mieszkanie i praca we Wroc\u0142awiu pozwoli\u0142y mi na nawi\u0105zanie wsp\u00f3\u0142pracy z wieloma ekspertami i entuzjastami mechaniki, co jeszcze bardziej wzbogaca tre\u015bci publikowane na moim portalu.","url":"https:\/\/forum-mechaniczne.pl\/portal\/author\/michal\/"}]}},"_links":{"self":[{"href":"https:\/\/forum-mechaniczne.pl\/portal\/wp-json\/wp\/v2\/posts\/1740","targetHints":{"allow":["GET"]}}],"collection":[{"href":"https:\/\/forum-mechaniczne.pl\/portal\/wp-json\/wp\/v2\/posts"}],"about":[{"href":"https:\/\/forum-mechaniczne.pl\/portal\/wp-json\/wp\/v2\/types\/post"}],"author":[{"embeddable":true,"href":"https:\/\/forum-mechaniczne.pl\/portal\/wp-json\/wp\/v2\/users\/2"}],"replies":[{"embeddable":true,"href":"https:\/\/forum-mechaniczne.pl\/portal\/wp-json\/wp\/v2\/comments?post=1740"}],"version-history":[{"count":0,"href":"https:\/\/forum-mechaniczne.pl\/portal\/wp-json\/wp\/v2\/posts\/1740\/revisions"}],"wp:featuredmedia":[{"embeddable":true,"href":"https:\/\/forum-mechaniczne.pl\/portal\/wp-json\/wp\/v2\/media\/1741"}],"wp:attachment":[{"href":"https:\/\/forum-mechaniczne.pl\/portal\/wp-json\/wp\/v2\/media?parent=1740"}],"wp:term":[{"taxonomy":"category","embeddable":true,"href":"https:\/\/forum-mechaniczne.pl\/portal\/wp-json\/wp\/v2\/categories?post=1740"},{"taxonomy":"post_tag","embeddable":true,"href":"https:\/\/forum-mechaniczne.pl\/portal\/wp-json\/wp\/v2\/tags?post=1740"}],"curies":[{"name":"wp","href":"https:\/\/api.w.org\/{rel}","templated":true}]}}